{"id":1383,"date":"2024-04-16T14:07:21","date_gmt":"2024-04-16T14:07:21","guid":{"rendered":"https:\/\/happymallorca.com\/?p=1383"},"modified":"2024-08-06T12:54:39","modified_gmt":"2024-08-06T12:54:39","slug":"guia-para-unas-vacaciones-de-invierno-en-mallorca","status":"publish","type":"post","link":"https:\/\/happymallorca.com\/de\/blog\/2024\/04\/16\/guia-para-unas-vacaciones-de-invierno-en-mallorca\/","title":{"rendered":"Leitfaden f\u00fcr einen Winterurlaub auf Mallorca"},"content":{"rendered":"\n<ol>\n<li><strong>Gep\u00e4ckvorbereitung:<\/strong>\n<ul class=\"wp-block-list\">\n<li><strong>Schichtkleidung:<\/strong> Im Winter kann es auf Mallorca zu Temperaturschwankungen kommen, daher empfiehlt es sich, Kleidung in Schichten zu tragen, um sich leicht an unterschiedliche Bedingungen anzupassen.<\/li>\n\n\n<li><strong>Bequemes Schuhwerk:<\/strong> Wenn du vorhast, die Natur zu erkunden oder durch die charmanten D\u00f6rfer zu spazieren, solltest du bequeme und robuste Schuhe mitnehmen.<\/li>\n\n\n<li><strong>Leichter Regenmantel:<\/strong> Obwohl Regen seltener ist, ist es ratsam, einen leichten Regenmantel im Gep\u00e4ck zu haben.<\/li>\n<\/ul>\n<\/li>\n\n\n<li><strong>Reiseplanung:<\/strong>\n<ul class=\"wp-block-list\">\n<li><strong>Vorab-Recherche:<\/strong> Informiere dich \u00fcber die im Winter verf\u00fcgbaren Attraktionen und Aktivit\u00e4ten, um sicherzustellen, dass deine Wunschziele ge\u00f6ffnet sind.<\/li>\n\n\n<li><strong>Fr\u00fchzeitige Buchungen:<\/strong> Nutze die Nebensaison, indem du Unterk\u00fcnfte und Aktivit\u00e4ten im Voraus buchst, um Verf\u00fcgbarkeit und m\u00f6gliche Rabatte zu gew\u00e4hrleisten.<\/li>\n<\/ul>\n<\/li>\n\n\n<li><strong>Transport und Mobilit\u00e4t:<\/strong>\n<ul class=\"wp-block-list\">\n<li><strong>Mietwagen:<\/strong> Erw\u00e4ge, ein Auto zu mieten, um die Flexibilit\u00e4t zu haben, die Insel in deinem eigenen Tempo zu erkunden, insbesondere wenn du abgelegenere Orte besuchen m\u00f6chtest.<\/li>\n\n\n<li><strong>\u00d6ffentliche Verkehrsmittel:<\/strong> Der \u00f6ffentliche Nahverkehr auf Mallorca ist effizient und eine gute Option, um sich zwischen St\u00e4dten und D\u00f6rfern fortzubewegen. Informiere dich im Voraus \u00fcber Fahrpl\u00e4ne und Routen.<\/li>\n<\/ul>\n<\/li>\n\n\n<li><strong>Verantwortungsvolle Erkundung:<\/strong>\n<ul class=\"wp-block-list\">\n<li>Respektiere die Natur und lokale Vorschriften bei der Erkundung von Naturr\u00e4umen und beachte, dass einige Wanderwege im Winter aus Sicherheitsgr\u00fcnden gesperrt sein k\u00f6nnen.<\/li>\n<\/ul>\n<\/li>\n\n\n<li><strong>Reiseversicherung:<\/strong>\n<ul class=\"wp-block-list\">\n<li>Ziehe den Abschluss einer Reiseversicherung in Betracht, die m\u00f6gliche Zwischenf\u00e4lle w\u00e4hrend deines Aufenthalts abdeckt.<\/li>\n<\/ul>\n<\/li>\n\n\n<li><strong>Lokale Veranstaltungen:<\/strong>\n<ul class=\"wp-block-list\">\n<li>Informiere dich \u00fcber lokale Veranstaltungen und Feste, die w\u00e4hrend deines Besuchs stattfinden k\u00f6nnten, um die mallorquinische Kultur intensiv zu erleben.<\/li>\n<\/ul>\n<\/li>\n<\/ol>\n\n\n<h2 class=\"wp-block-heading\"><strong>Bereite deine Winterreise nach Mallorca vor und buche deine Unterkunft<\/strong><\/h2>\n\n\n<p>Zusammenfassend l\u00e4sst sich sagen, dass eine <strong>Reise nach Mallorca im Winter<\/strong> eine wirklich einzigartige Erfahrung ist, voller M\u00f6glichkeiten, beeindruckende Landschaften zu erkunden, in die reiche lokale Kultur einzutauchen und eine exquisite Gastronomie zu genie\u00dfen. Mit den in diesem Leitfaden bereitgestellten Tipps bist du bereit, einen unvergesslichen Winterurlaub auf der Baleareninsel zu planen.<\/p>\n\n<!-- wp:paragraph<!-- \/wp:list --><!-- wp:post-content --><!-- wp:paragraph -->\n<p>Wir pr\u00e4sentieren dir unseren ultimativen Leitfaden f\u00fcr einen <strong>Winterurlaub auf Mallorca<\/strong>, um deinen Urlaub wie ein wahrer Tourismus-Experte zu genie\u00dfen. Wir erkunden die Reize, die die Baleareninsel in der ruhigsten Jahreszeit bietet. Entdecke, wie das milde mediterrane Klima, die reiche Kultur und aufregende Aktivit\u00e4ten Mallorca zum perfekten Ziel machen, um der Winterk\u00e4lte zu entfliehen. Bereite dich darauf vor, in eine Welt einzigartiger Erlebnisse und beeindruckender Landschaften einzutauchen, w\u00e4hrend du das Abenteuer genie\u00dft, dieses Juwel des Mittelmeers zu erkunden.<\/p>\n<!-- \/wp:paragraph -->\n<!-- wp:heading -->\n<h2 class=\"wp-block-heading\"><strong>Klima und Wintersaison auf Mallorca<\/strong><\/h2>\n<!-- \/wp:heading -->\n<!-- wp:paragraph -->\n<p>Der <strong>Winter auf Mallorca<\/strong> bietet ein <strong>au\u00dfergew\u00f6hnlich angenehmes Klima<\/strong>, das sich durch <strong>milde und angenehme Temperaturen<\/strong> auszeichnet, die durchschnittlich zwischen <strong>10\u00b0C und 15\u00b0C<\/strong> liegen. Dieses gem\u00e4\u00dfigte Klima schafft die perfekte Umgebung, um die Insel ohne die dr\u00fcckende Hitze des Sommers zu erkunden. Zudem sind <strong>Regenschauer weniger h\u00e4ufig<\/strong>, was mehr sonnige Tage f\u00fcr Outdoor-Aktivit\u00e4ten bedeutet.<\/p>\n<!-- \/wp:paragraph -->\n<!-- wp:paragraph -->\n<p>Einer der Hauptvorteile eines Besuchs auf Mallorca in der Wintersaison ist die <strong>Ruhe<\/strong>, die man erlebt. Mit der <strong>Abnahme der Touristenmassen<\/strong> k\u00f6nnen Besucher <strong>Attraktionen<\/strong> und <strong>Aktivit\u00e4ten<\/strong> ohne lange Warteschlangen oder die <strong>typische \u00dcberf\u00fcllung<\/strong> der Hochsaison genie\u00dfen. Zudem sind <strong>Unterkunfts- und Servicepreise oft erschwinglicher<\/strong>, was Reisenden erm\u00f6glicht, ein qualitativ hochwertiges Erlebnis zu geringeren Kosten zu genie\u00dfen.<\/p>\n<!-- \/wp:paragraph -->\n<!-- wp:heading -->\n<h2 class=\"wp-block-heading\"><strong>Unterkunft<\/strong><\/h2>\n<!-- \/wp:heading -->\n<!-- wp:paragraph -->\n<p>Um deinen <strong>Winterurlaub auf Mallorca<\/strong> in vollen Z\u00fcgen zu genie\u00dfen, ist die Wahl der richtigen Unterkunft entscheidend. In <strong><a href=\"https:\/\/happymallorca.com\/alquiler-de-apartamentos-en-santa-margarita-mallorca\/\">Santa Margalida<\/a><\/strong>, <strong><a href=\"https:\/\/happymallorca.com\/alquiler-de-apartamentos-en-can-picafort-mallorca\/\">Can Picafort<\/a><\/strong> und <strong><a href=\"https:\/\/happymallorca.com\/alquiler-de-apartamentos-en-son-serra-marina-mallorca\/\">Son Serra de la Marina<\/a><\/strong> bieten wir eine <strong>Vielzahl an Ferienunterk\u00fcnften<\/strong> an, die allen Vorlieben und Budgets gerecht werden. Von gem\u00fctlichen Apartments in Strandn\u00e4he bis hin zu charmanten Landh\u00e4usern im Inselinneren haben wir die perfekte Unterkunft f\u00fcr deinen Winterurlaub.<\/p>\n<!-- \/wp:paragraph -->\n<!-- wp:paragraph -->\n<p>Au\u00dferdem bieten wir dir <strong>n\u00fctzliche Tipps<\/strong> zur Suche nach Angeboten und speziellen Aktionen in der Wintersaison. <strong>Halte Ausschau nach unseren Last-Minute-Angeboten<\/strong> und <strong>Urlaubspaketen<\/strong>, die Rabatte f\u00fcr l\u00e4ngere Aufenthalte oder zus\u00e4tzliche kostenlose Dienstleistungen beinhalten. Mit unserer Hilfe wird die Planung deines Winterurlaubs auf Mallorca einfach und unkompliziert.<\/p>\n<!-- \/wp:paragraph -->\n<!-- wp:heading -->\n<h2 class=\"wp-block-heading\"><strong>Aktivit\u00e4ten, Attraktionen und Gastronomie<\/strong><\/h2>\n<!-- \/wp:heading -->\n<!-- wp:paragraph -->\n<p>Im <strong>Winter<\/strong> ist <strong>Mallorca<\/strong> die perfekte Saison, um die <strong>Vielseitigkeit der Freizeitaktivit\u00e4ten<\/strong> zu erkunden, die die Insel zu bieten hat. Naturfreunde k\u00f6nnen spannende <strong>Wanderungen<\/strong> in der spektakul\u00e4ren <strong>Sierra de Tramuntana<\/strong> unternehmen, die zum UNESCO-Welterbe geh\u00f6rt. Hier kannst du dich an <strong>beeindruckenden Berglandschaften und malerischen Bergd\u00f6rfern<\/strong> erfreuen. Zudem solltest du nicht die Gelegenheit verpassen, bezaubernde D\u00f6rfer wie <strong>Valldemossa<\/strong>, <strong>Dei\u00e0<\/strong> und <strong>S\u00f3ller<\/strong> zu erkunden, in denen die Zeit stehen geblieben zu sein scheint und jeder Winkel eine faszinierende Geschichte erz\u00e4hlt.<\/p>\n<!-- \/wp:paragraph -->\n<!-- wp:paragraph -->\n<p>W\u00e4hrend des Winters bleiben viele der <strong>beliebtesten Touristenattraktionen<\/strong> Mallorcas f\u00fcr Besucher ge\u00f6ffnet. Dazu geh\u00f6ren das imposante <strong>Castillo de Bellver<\/strong> mit seiner einzigartigen gotischen Architektur und den Panoramablicken auf Palma sowie die <strong>majest\u00e4tische Kathedrale von Palma<\/strong>, ein Meisterwerk der katalanischen Gotik, das mit seiner Pracht und Sch\u00f6nheit beeindruckt. Erkunde diese bedeutenden Orte ohne die Menschenmengen der Hochsaison und tauche in die reiche Geschichte und Kultur der Insel ein.<\/p>\n<!-- \/wp:paragraph -->\n<!-- wp:heading {\"level\":3} -->\n<h3 class=\"wp-block-heading\"><strong>Gastronomie<\/strong><\/h3>\n<!-- \/wp:heading -->\n<!-- wp:paragraph -->\n<p>Die <strong>Gastronomie Mallorcas<\/strong> ist ein Fest f\u00fcr die Sinne, und der Winter bietet die perfekte Gelegenheit, die typischen Gerichte der Saison zu genie\u00dfen. Zu den Highlights geh\u00f6ren die <strong>mallorquinischen Suppen<\/strong>, wie <strong>Gem\u00fcsesuppe und Fischsuppe<\/strong>, die herzhaft und geschmackvoll sind. Du solltest auch die exquisiten <strong>Fleischgerichte<\/strong> probieren, wie <strong>Lamm nach mallorquinischer Art oder Frito Mallorqu\u00edn<\/strong>, traditionelle Gerichte, die dich in das Herz der lokalen K\u00fcche entf\u00fchren.<\/p>\n<!-- \/wp:paragraph -->\n<!-- wp:paragraph -->\n<p>F\u00fcr ein authentisches gastronomisches Erlebnis empfehlen wir dir, die <strong>lokalen Restaurants und Bars<\/strong> in <strong>Santa Margalida, Can Picafort und Son Serra de la Marina<\/strong> zu besuchen, wo du die echten Geschmacksrichtungen der mallorquinischen K\u00fcche genie\u00dfen kannst. Probiere die k\u00f6stlichen lokalen Produkte wie den <strong><a href=\"https:\/\/www.quesomahonmenorca.com\/\">Mah\u00f3n-K\u00e4se<\/a>, Sobrasada und die Weine der Region<\/strong> und lass dich von der Authentizit\u00e4t und dem einzigartigen Geschmack der mallorquinischen K\u00fcche verf\u00fchren.<\/p>\n<!-- \/wp:paragraph -->\n<!-- wp:heading -->\n<h2 class=\"wp-block-heading\"><strong>Reisetipps f\u00fcr den Winter<\/strong><\/h2>\n<!-- \/wp:heading -->\n<!-- wp:paragraph -->\n<p><strong>Die Vorbereitung einer Winterreise kann aufregend sein<\/strong>, erfordert aber auch eine sorgf\u00e4ltige Planung, um eine reibungslose Erfahrung zu gew\u00e4hrleisten. In diesem Leitfaden geben wir dir <strong>wertvolle Tipps<\/strong> und <strong>Empfehlungen<\/strong> f\u00fcr Reisen in der Wintersaison auf Mallorca.<\/p>\n<!-- \/wp:paragraph -->\n<!-- wp:list {\"ordered\":true} -->\n<ol><!-- wp:list-item -->\n<li><strong>Gep\u00e4ckvorbereitung:<\/strong><!-- wp:list -->\n<ul><!-- wp:list-item -->\n<li><strong>Schichtkleidung:<\/strong> Im Winter kann es auf Mallorca zu Temperaturschwankungen kommen, daher empfiehlt es sich, Kleidung in Schichten zu tragen, um sich leicht an unterschiedliche Bedingungen anzupassen.<\/li>\n<!-- \/wp:list-item -->\n<!-- wp:list-item -->\n<li><strong>Bequemes Schuhwerk:<\/strong> Wenn du vorhast, die Natur zu erkunden oder durch die charmanten D\u00f6rfer zu spazieren, solltest du bequeme und robuste Schuhe mitnehmen.<\/li>\n<!-- \/wp:list-item -->\n<!-- wp:list-item -->\n<li><strong>Leichter Regenmantel:<\/strong> Obwohl Regen seltener ist, ist es ratsam, einen leichten Regenmantel im Gep\u00e4ck zu haben.<\/li>\n<!-- \/wp:list-item --><\/ul>\n<!-- \/wp:list --><\/li>\n<!-- \/wp:list-item -->\n<!-- wp:list-item -->\n<li><strong>Reiseplanung:<\/strong><!-- wp:list -->\n<ul><!-- wp:list-item -->\n<li><strong>Vorab-Recherche:<\/strong> Informiere dich \u00fcber die im Winter verf\u00fcgbaren Attraktionen und Aktivit\u00e4ten, um sicherzustellen, dass deine Wunschziele ge\u00f6ffnet sind.<\/li>\n<!-- \/wp:list-item -->\n<!-- wp:list-item -->\n<li><strong>Fr\u00fchzeitige Buchungen:<\/strong> Nutze die Nebensaison, indem du Unterk\u00fcnfte und Aktivit\u00e4ten im Voraus buchst, um Verf\u00fcgbarkeit und m\u00f6gliche Rabatte zu gew\u00e4hrleisten.<\/li>\n<!-- \/wp:list-item --><\/ul>\n<!-- \/wp:list --><\/li>\n<!-- \/wp:list-item -->\n<!-- wp:list-item -->\n<li><strong>Transport und Mobilit\u00e4t:<\/strong><!-- wp:list -->\n<ul><!-- wp:list-item -->\n<li><strong>Mietwagen:<\/strong> Erw\u00e4ge, ein Auto zu mieten, um die Flexibilit\u00e4t zu haben, die Insel in deinem eigenen Tempo zu erkunden, insbesondere wenn du abgelegenere Orte besuchen m\u00f6chtest.<\/li>\n<!-- \/wp:list-item -->\n<!-- wp:list-item -->\n<li><strong>\u00d6ffentliche Verkehrsmittel:<\/strong> Der \u00f6ffentliche Nahverkehr auf Mallorca ist effizient und eine gute Option, um sich zwischen St\u00e4dten und D\u00f6rfern fortzubewegen. Informiere dich im Voraus \u00fcber Fahrpl\u00e4ne und Routen.<\/li>\n<!-- \/wp:list-item --><\/ul>\n<!-- \/wp:list --><\/li>\n<!-- \/wp:list-item -->\n<!-- wp:list-item -->\n<li><strong>Verantwortungsvolle Erkundung:<\/strong><!-- wp:list -->\n<ul><!-- wp:list-item -->\n<li>Respektiere die Natur und lokale Vorschriften bei der Erkundung von Naturr\u00e4umen und beachte, dass einige Wanderwege im Winter aus Sicherheitsgr\u00fcnden gesperrt sein k\u00f6nnen.<\/li>\n<!-- \/wp:list-item --><\/ul>\n<!-- \/wp:list --><\/li>\n<!-- \/wp:list-item -->\n<!-- wp:list-item -->\n<li><strong>Reiseversicherung:<\/strong><!-- wp:list -->\n<ul><!-- wp:list-item -->\n<li>Ziehe den Abschluss einer Reiseversicherung in Betracht, die m\u00f6gliche Zwischenf\u00e4lle w\u00e4hrend deines Aufenthalts abdeckt.<\/li>\n<!-- \/wp:list-item --><\/ul>\n<!-- \/wp:list --><\/li>\n<!-- wp:list-item -->\n<!-- wp:list-item -->\n<li><strong>Lokale Veranstaltungen:<\/strong><!-- wp:list -->\n<ul><!-- wp:list-item -->\n<li>Informiere dich \u00fcber lokale Veranstaltungen und Feste, die w\u00e4hrend deines Besuchs stattfinden k\u00f6nnten, um die mallorquinische Kultur intensiv zu erleben.<\/li>\n<!-- \/wp:list-item --><\/ul>\n<!-- \/wp:list --><\/li>\n<!-- \/wp:list-item --><\/ol>\n<!-- \/wp:list -->\n<!-- wp:heading -->\n<h2 class=\"wp-block-heading\"><strong>Bereite deine Winterreise nach Mallorca vor und buche deine Unterkunft<\/strong><\/h2>\n<!-- \/wp:heading -->\n<!-- wp:paragraph -->\n<p>Zusammenfassend l\u00e4sst sich sagen, dass eine <strong>Reise nach Mallorca im Winter<\/strong> eine wirklich einzigartige Erfahrung ist, voller M\u00f6glichkeiten, beeindruckende Landschaften zu erkunden, in die reiche lokale Kultur einzutauchen und eine exquisite Gastronomie zu genie\u00dfen. Mit den in diesem Leitfaden bereitgestellten Tipps bist du bereit, einen unvergesslichen Winterurlaub auf der Baleareninsel zu planen.<\/p>\n<!-- \/wp:paragraph -->\n<!-- wp:paragraph<!-- \/wp:post-content -->","protected":false},"excerpt":{"rendered":"<p>Wir pr\u00e4sentieren dir unseren ultimativen Leitfaden f\u00fcr einen Winterurlaub auf Mallorca, um deinen Urlaub wie ein wahrer Tourismus-Experte zu genie\u00dfen. Wir erkunden die Reize, die die Baleareninsel in der ruhigsten Jahreszeit bietet. Entdecke, wie das milde mediterrane Klima, die reiche Kultur und aufregende Aktivit\u00e4ten Mallorca zum perfekten Ziel machen, um der Winterk\u00e4lte zu entfliehen. Bereite [&hellip;]<\/p>\n","protected":false},"author":1,"featured_media":1399,"comment_status":"closed","ping_status":"closed","sticky":false,"template":"","format":"standard","meta":{"footnotes":""},"categories":[29],"tags":[],"class_list":["post-1383","post","type-post","status-publish","format-standard","has-post-thumbnail","hentry","category-blog"],"yoast_head":"<!-- This site is optimized with the Yoast SEO plugin v27.4 - https:\/\/yoast.com\/product\/yoast-seo-wordpress\/ -->\n<title>Leitfaden f\u00fcr einen Winterurlaub auf Mallorca - Ferienunterk\u00fcnfte in Mallorca<\/title>\n<meta name=\"robots\" content=\"index, follow, max-snippet:-1, max-image-preview:large, max-video-preview:-1\" \/>\n<link rel=\"canonical\" href=\"https:\/\/happymallorca.com\/de\/blog\/2024\/04\/16\/guia-para-unas-vacaciones-de-invierno-en-mallorca\/\" \/>\n<meta property=\"og:locale\" content=\"es_ES\" \/>\n<meta property=\"og:type\" content=\"article\" \/>\n<meta property=\"og:title\" content=\"Leitfaden f\u00fcr einen Winterurlaub auf Mallorca - Ferienunterk\u00fcnfte in Mallorca\" \/>\n<meta property=\"og:description\" content=\"Wir pr\u00e4sentieren dir unseren ultimativen Leitfaden f\u00fcr einen Winterurlaub auf Mallorca, um deinen Urlaub wie ein wahrer Tourismus-Experte zu genie\u00dfen. Wir erkunden die Reize, die die Baleareninsel in der ruhigsten Jahreszeit bietet. Entdecke, wie das milde mediterrane Klima, die reiche Kultur und aufregende Aktivit\u00e4ten Mallorca zum perfekten Ziel machen, um der Winterk\u00e4lte zu entfliehen. Bereite [&hellip;]\" \/>\n<meta property=\"og:url\" content=\"https:\/\/happymallorca.com\/de\/blog\/2024\/04\/16\/guia-para-unas-vacaciones-de-invierno-en-mallorca\/\" \/>\n<meta property=\"og:site_name\" content=\"Ferienunterk\u00fcnfte in Mallorca\" \/>\n<meta property=\"article:published_time\" content=\"2024-04-16T14:07:21+00:00\" \/>\n<meta property=\"article:modified_time\" content=\"2024-08-06T12:54:39+00:00\" \/>\n<meta property=\"og:image\" content=\"https:\/\/happymallorca.com\/de\/wp-content\/uploads\/sites\/3\/Guia-para-unas-vacaciones-de-invierno-en-Mallorca.webp\" \/>\n\t<meta property=\"og:image:width\" content=\"700\" \/>\n\t<meta property=\"og:image:height\" content=\"394\" \/>\n\t<meta property=\"og:image:type\" content=\"image\/webp\" \/>\n<meta name=\"author\" content=\"DesignAvirato\" \/>\n<meta name=\"twitter:card\" content=\"summary_large_image\" \/>\n<meta name=\"twitter:label1\" content=\"Escrito por\" \/>\n\t<meta name=\"twitter:data1\" content=\"DesignAvirato\" \/>\n\t<meta name=\"twitter:label2\" content=\"Tiempo de lectura\" \/>\n\t<meta name=\"twitter:data2\" content=\"5 minutos\" \/>\n<script type=\"application\/ld+json\" class=\"yoast-schema-graph\">{\"@context\":\"https:\\\/\\\/schema.org\",\"@graph\":[{\"@type\":\"Article\",\"@id\":\"https:\\\/\\\/happymallorca.com\\\/de\\\/blog\\\/2024\\\/04\\\/16\\\/guia-para-unas-vacaciones-de-invierno-en-mallorca\\\/#article\",\"isPartOf\":{\"@id\":\"https:\\\/\\\/happymallorca.com\\\/de\\\/blog\\\/2024\\\/04\\\/16\\\/guia-para-unas-vacaciones-de-invierno-en-mallorca\\\/\"},\"author\":{\"name\":\"DesignAvirato\",\"@id\":\"https:\\\/\\\/happymallorca.com\\\/de\\\/#\\\/schema\\\/person\\\/d92c6862eaa382d6e1d2e77da977d19a\"},\"headline\":\"Leitfaden f\u00fcr einen Winterurlaub auf Mallorca\",\"datePublished\":\"2024-04-16T14:07:21+00:00\",\"dateModified\":\"2024-08-06T12:54:39+00:00\",\"mainEntityOfPage\":{\"@id\":\"https:\\\/\\\/happymallorca.com\\\/de\\\/blog\\\/2024\\\/04\\\/16\\\/guia-para-unas-vacaciones-de-invierno-en-mallorca\\\/\"},\"wordCount\":1010,\"publisher\":{\"@id\":\"https:\\\/\\\/happymallorca.com\\\/de\\\/#organization\"},\"image\":{\"@id\":\"https:\\\/\\\/happymallorca.com\\\/de\\\/blog\\\/2024\\\/04\\\/16\\\/guia-para-unas-vacaciones-de-invierno-en-mallorca\\\/#primaryimage\"},\"thumbnailUrl\":\"https:\\\/\\\/happymallorca.com\\\/de\\\/wp-content\\\/uploads\\\/sites\\\/3\\\/Guia-para-unas-vacaciones-de-invierno-en-Mallorca.webp\",\"articleSection\":[\"blog\"],\"inLanguage\":\"es\"},{\"@type\":\"WebPage\",\"@id\":\"https:\\\/\\\/happymallorca.com\\\/de\\\/blog\\\/2024\\\/04\\\/16\\\/guia-para-unas-vacaciones-de-invierno-en-mallorca\\\/\",\"url\":\"https:\\\/\\\/happymallorca.com\\\/de\\\/blog\\\/2024\\\/04\\\/16\\\/guia-para-unas-vacaciones-de-invierno-en-mallorca\\\/\",\"name\":\"Leitfaden f\u00fcr einen Winterurlaub auf Mallorca - Ferienunterk\u00fcnfte in Mallorca\",\"isPartOf\":{\"@id\":\"https:\\\/\\\/happymallorca.com\\\/de\\\/#website\"},\"primaryImageOfPage\":{\"@id\":\"https:\\\/\\\/happymallorca.com\\\/de\\\/blog\\\/2024\\\/04\\\/16\\\/guia-para-unas-vacaciones-de-invierno-en-mallorca\\\/#primaryimage\"},\"image\":{\"@id\":\"https:\\\/\\\/happymallorca.com\\\/de\\\/blog\\\/2024\\\/04\\\/16\\\/guia-para-unas-vacaciones-de-invierno-en-mallorca\\\/#primaryimage\"},\"thumbnailUrl\":\"https:\\\/\\\/happymallorca.com\\\/de\\\/wp-content\\\/uploads\\\/sites\\\/3\\\/Guia-para-unas-vacaciones-de-invierno-en-Mallorca.webp\",\"datePublished\":\"2024-04-16T14:07:21+00:00\",\"dateModified\":\"2024-08-06T12:54:39+00:00\",\"breadcrumb\":{\"@id\":\"https:\\\/\\\/happymallorca.com\\\/de\\\/blog\\\/2024\\\/04\\\/16\\\/guia-para-unas-vacaciones-de-invierno-en-mallorca\\\/#breadcrumb\"},\"inLanguage\":\"es\",\"potentialAction\":[{\"@type\":\"ReadAction\",\"target\":[\"https:\\\/\\\/happymallorca.com\\\/de\\\/blog\\\/2024\\\/04\\\/16\\\/guia-para-unas-vacaciones-de-invierno-en-mallorca\\\/\"]}]},{\"@type\":\"ImageObject\",\"inLanguage\":\"es\",\"@id\":\"https:\\\/\\\/happymallorca.com\\\/de\\\/blog\\\/2024\\\/04\\\/16\\\/guia-para-unas-vacaciones-de-invierno-en-mallorca\\\/#primaryimage\",\"url\":\"https:\\\/\\\/happymallorca.com\\\/de\\\/wp-content\\\/uploads\\\/sites\\\/3\\\/Guia-para-unas-vacaciones-de-invierno-en-Mallorca.webp\",\"contentUrl\":\"https:\\\/\\\/happymallorca.com\\\/de\\\/wp-content\\\/uploads\\\/sites\\\/3\\\/Guia-para-unas-vacaciones-de-invierno-en-Mallorca.webp\",\"width\":700,\"height\":394},{\"@type\":\"BreadcrumbList\",\"@id\":\"https:\\\/\\\/happymallorca.com\\\/de\\\/blog\\\/2024\\\/04\\\/16\\\/guia-para-unas-vacaciones-de-invierno-en-mallorca\\\/#breadcrumb\",\"itemListElement\":[{\"@type\":\"ListItem\",\"position\":1,\"name\":\"Portada\",\"item\":\"https:\\\/\\\/happymallorca.com\\\/de\\\/\"},{\"@type\":\"ListItem\",\"position\":2,\"name\":\"Leitfaden f\u00fcr einen Winterurlaub auf Mallorca\"}]},{\"@type\":\"WebSite\",\"@id\":\"https:\\\/\\\/happymallorca.com\\\/de\\\/#website\",\"url\":\"https:\\\/\\\/happymallorca.com\\\/de\\\/\",\"name\":\"Ferienunterk\u00fcnfte in Mallorca\",\"description\":\"Happy Mallorca Rentals\",\"publisher\":{\"@id\":\"https:\\\/\\\/happymallorca.com\\\/de\\\/#organization\"},\"potentialAction\":[{\"@type\":\"SearchAction\",\"target\":{\"@type\":\"EntryPoint\",\"urlTemplate\":\"https:\\\/\\\/happymallorca.com\\\/de\\\/?s={search_term_string}\"},\"query-input\":{\"@type\":\"PropertyValueSpecification\",\"valueRequired\":true,\"valueName\":\"search_term_string\"}}],\"inLanguage\":\"es\"},{\"@type\":\"Organization\",\"@id\":\"https:\\\/\\\/happymallorca.com\\\/de\\\/#organization\",\"name\":\"Ferienunterk\u00fcnfte in Mallorca\",\"url\":\"https:\\\/\\\/happymallorca.com\\\/de\\\/\",\"logo\":{\"@type\":\"ImageObject\",\"inLanguage\":\"es\",\"@id\":\"https:\\\/\\\/happymallorca.com\\\/de\\\/#\\\/schema\\\/logo\\\/image\\\/\",\"url\":\"https:\\\/\\\/happymallorca.com\\\/de\\\/wp-content\\\/uploads\\\/sites\\\/3\\\/logo-happyMallorcaRentals.webp\",\"contentUrl\":\"https:\\\/\\\/happymallorca.com\\\/de\\\/wp-content\\\/uploads\\\/sites\\\/3\\\/logo-happyMallorcaRentals.webp\",\"width\":303,\"height\":100,\"caption\":\"Ferienunterk\u00fcnfte in Mallorca\"},\"image\":{\"@id\":\"https:\\\/\\\/happymallorca.com\\\/de\\\/#\\\/schema\\\/logo\\\/image\\\/\"}},{\"@type\":\"Person\",\"@id\":\"https:\\\/\\\/happymallorca.com\\\/de\\\/#\\\/schema\\\/person\\\/d92c6862eaa382d6e1d2e77da977d19a\",\"name\":\"DesignAvirato\",\"image\":{\"@type\":\"ImageObject\",\"inLanguage\":\"es\",\"@id\":\"https:\\\/\\\/secure.gravatar.com\\\/avatar\\\/0b1584ebdae3d173b7bdbcba09035f6f78940e08654113111c4db8c3739c166e?s=96&d=mm&r=g\",\"url\":\"https:\\\/\\\/secure.gravatar.com\\\/avatar\\\/0b1584ebdae3d173b7bdbcba09035f6f78940e08654113111c4db8c3739c166e?s=96&d=mm&r=g\",\"contentUrl\":\"https:\\\/\\\/secure.gravatar.com\\\/avatar\\\/0b1584ebdae3d173b7bdbcba09035f6f78940e08654113111c4db8c3739c166e?s=96&d=mm&r=g\",\"caption\":\"DesignAvirato\"},\"sameAs\":[\"https:\\\/\\\/happymallorca.com\"],\"url\":\"https:\\\/\\\/happymallorca.com\\\/de\\\/blog\\\/author\\\/designavirato\\\/\"}]}<\/script>\n<!-- \/ Yoast SEO plugin. -->","yoast_head_json":{"title":"Leitfaden f\u00fcr einen Winterurlaub auf Mallorca - Ferienunterk\u00fcnfte in Mallorca","robots":{"index":"index","follow":"follow","max-snippet":"max-snippet:-1","max-image-preview":"max-image-preview:large","max-video-preview":"max-video-preview:-1"},"canonical":"https:\/\/happymallorca.com\/de\/blog\/2024\/04\/16\/guia-para-unas-vacaciones-de-invierno-en-mallorca\/","og_locale":"es_ES","og_type":"article","og_title":"Leitfaden f\u00fcr einen Winterurlaub auf Mallorca - Ferienunterk\u00fcnfte in Mallorca","og_description":"Wir pr\u00e4sentieren dir unseren ultimativen Leitfaden f\u00fcr einen Winterurlaub auf Mallorca, um deinen Urlaub wie ein wahrer Tourismus-Experte zu genie\u00dfen. Wir erkunden die Reize, die die Baleareninsel in der ruhigsten Jahreszeit bietet. Entdecke, wie das milde mediterrane Klima, die reiche Kultur und aufregende Aktivit\u00e4ten Mallorca zum perfekten Ziel machen, um der Winterk\u00e4lte zu entfliehen. Bereite [&hellip;]","og_url":"https:\/\/happymallorca.com\/de\/blog\/2024\/04\/16\/guia-para-unas-vacaciones-de-invierno-en-mallorca\/","og_site_name":"Ferienunterk\u00fcnfte in Mallorca","article_published_time":"2024-04-16T14:07:21+00:00","article_modified_time":"2024-08-06T12:54:39+00:00","og_image":[{"width":700,"height":394,"url":"https:\/\/happymallorca.com\/de\/wp-content\/uploads\/sites\/3\/Guia-para-unas-vacaciones-de-invierno-en-Mallorca.webp","type":"image\/webp"}],"author":"DesignAvirato","twitter_card":"summary_large_image","twitter_misc":{"Escrito por":"DesignAvirato","Tiempo de lectura":"5 minutos"},"schema":{"@context":"https:\/\/schema.org","@graph":[{"@type":"Article","@id":"https:\/\/happymallorca.com\/de\/blog\/2024\/04\/16\/guia-para-unas-vacaciones-de-invierno-en-mallorca\/#article","isPartOf":{"@id":"https:\/\/happymallorca.com\/de\/blog\/2024\/04\/16\/guia-para-unas-vacaciones-de-invierno-en-mallorca\/"},"author":{"name":"DesignAvirato","@id":"https:\/\/happymallorca.com\/de\/#\/schema\/person\/d92c6862eaa382d6e1d2e77da977d19a"},"headline":"Leitfaden f\u00fcr einen Winterurlaub auf Mallorca","datePublished":"2024-04-16T14:07:21+00:00","dateModified":"2024-08-06T12:54:39+00:00","mainEntityOfPage":{"@id":"https:\/\/happymallorca.com\/de\/blog\/2024\/04\/16\/guia-para-unas-vacaciones-de-invierno-en-mallorca\/"},"wordCount":1010,"publisher":{"@id":"https:\/\/happymallorca.com\/de\/#organization"},"image":{"@id":"https:\/\/happymallorca.com\/de\/blog\/2024\/04\/16\/guia-para-unas-vacaciones-de-invierno-en-mallorca\/#primaryimage"},"thumbnailUrl":"https:\/\/happymallorca.com\/de\/wp-content\/uploads\/sites\/3\/Guia-para-unas-vacaciones-de-invierno-en-Mallorca.webp","articleSection":["blog"],"inLanguage":"es"},{"@type":"WebPage","@id":"https:\/\/happymallorca.com\/de\/blog\/2024\/04\/16\/guia-para-unas-vacaciones-de-invierno-en-mallorca\/","url":"https:\/\/happymallorca.com\/de\/blog\/2024\/04\/16\/guia-para-unas-vacaciones-de-invierno-en-mallorca\/","name":"Leitfaden f\u00fcr einen Winterurlaub auf Mallorca - Ferienunterk\u00fcnfte in Mallorca","isPartOf":{"@id":"https:\/\/happymallorca.com\/de\/#website"},"primaryImageOfPage":{"@id":"https:\/\/happymallorca.com\/de\/blog\/2024\/04\/16\/guia-para-unas-vacaciones-de-invierno-en-mallorca\/#primaryimage"},"image":{"@id":"https:\/\/happymallorca.com\/de\/blog\/2024\/04\/16\/guia-para-unas-vacaciones-de-invierno-en-mallorca\/#primaryimage"},"thumbnailUrl":"https:\/\/happymallorca.com\/de\/wp-content\/uploads\/sites\/3\/Guia-para-unas-vacaciones-de-invierno-en-Mallorca.webp","datePublished":"2024-04-16T14:07:21+00:00","dateModified":"2024-08-06T12:54:39+00:00","breadcrumb":{"@id":"https:\/\/happymallorca.com\/de\/blog\/2024\/04\/16\/guia-para-unas-vacaciones-de-invierno-en-mallorca\/#breadcrumb"},"inLanguage":"es","potentialAction":[{"@type":"ReadAction","target":["https:\/\/happymallorca.com\/de\/blog\/2024\/04\/16\/guia-para-unas-vacaciones-de-invierno-en-mallorca\/"]}]},{"@type":"ImageObject","inLanguage":"es","@id":"https:\/\/happymallorca.com\/de\/blog\/2024\/04\/16\/guia-para-unas-vacaciones-de-invierno-en-mallorca\/#primaryimage","url":"https:\/\/happymallorca.com\/de\/wp-content\/uploads\/sites\/3\/Guia-para-unas-vacaciones-de-invierno-en-Mallorca.webp","contentUrl":"https:\/\/happymallorca.com\/de\/wp-content\/uploads\/sites\/3\/Guia-para-unas-vacaciones-de-invierno-en-Mallorca.webp","width":700,"height":394},{"@type":"BreadcrumbList","@id":"https:\/\/happymallorca.com\/de\/blog\/2024\/04\/16\/guia-para-unas-vacaciones-de-invierno-en-mallorca\/#breadcrumb","itemListElement":[{"@type":"ListItem","position":1,"name":"Portada","item":"https:\/\/happymallorca.com\/de\/"},{"@type":"ListItem","position":2,"name":"Leitfaden f\u00fcr einen Winterurlaub auf Mallorca"}]},{"@type":"WebSite","@id":"https:\/\/happymallorca.com\/de\/#website","url":"https:\/\/happymallorca.com\/de\/","name":"Ferienunterk\u00fcnfte in Mallorca","description":"Happy Mallorca Rentals","publisher":{"@id":"https:\/\/happymallorca.com\/de\/#organization"},"potentialAction":[{"@type":"SearchAction","target":{"@type":"EntryPoint","urlTemplate":"https:\/\/happymallorca.com\/de\/?s={search_term_string}"},"query-input":{"@type":"PropertyValueSpecification","valueRequired":true,"valueName":"search_term_string"}}],"inLanguage":"es"},{"@type":"Organization","@id":"https:\/\/happymallorca.com\/de\/#organization","name":"Ferienunterk\u00fcnfte in Mallorca","url":"https:\/\/happymallorca.com\/de\/","logo":{"@type":"ImageObject","inLanguage":"es","@id":"https:\/\/happymallorca.com\/de\/#\/schema\/logo\/image\/","url":"https:\/\/happymallorca.com\/de\/wp-content\/uploads\/sites\/3\/logo-happyMallorcaRentals.webp","contentUrl":"https:\/\/happymallorca.com\/de\/wp-content\/uploads\/sites\/3\/logo-happyMallorcaRentals.webp","width":303,"height":100,"caption":"Ferienunterk\u00fcnfte in Mallorca"},"image":{"@id":"https:\/\/happymallorca.com\/de\/#\/schema\/logo\/image\/"}},{"@type":"Person","@id":"https:\/\/happymallorca.com\/de\/#\/schema\/person\/d92c6862eaa382d6e1d2e77da977d19a","name":"DesignAvirato","image":{"@type":"ImageObject","inLanguage":"es","@id":"https:\/\/secure.gravatar.com\/avatar\/0b1584ebdae3d173b7bdbcba09035f6f78940e08654113111c4db8c3739c166e?s=96&d=mm&r=g","url":"https:\/\/secure.gravatar.com\/avatar\/0b1584ebdae3d173b7bdbcba09035f6f78940e08654113111c4db8c3739c166e?s=96&d=mm&r=g","contentUrl":"https:\/\/secure.gravatar.com\/avatar\/0b1584ebdae3d173b7bdbcba09035f6f78940e08654113111c4db8c3739c166e?s=96&d=mm&r=g","caption":"DesignAvirato"},"sameAs":["https:\/\/happymallorca.com"],"url":"https:\/\/happymallorca.com\/de\/blog\/author\/designavirato\/"}]}},"_links":{"self":[{"href":"https:\/\/happymallorca.com\/de\/wp-json\/wp\/v2\/posts\/1383","targetHints":{"allow":["GET"]}}],"collection":[{"href":"https:\/\/happymallorca.com\/de\/wp-json\/wp\/v2\/posts"}],"about":[{"href":"https:\/\/happymallorca.com\/de\/wp-json\/wp\/v2\/types\/post"}],"author":[{"embeddable":true,"href":"https:\/\/happymallorca.com\/de\/wp-json\/wp\/v2\/users\/1"}],"replies":[{"embeddable":true,"href":"https:\/\/happymallorca.com\/de\/wp-json\/wp\/v2\/comments?post=1383"}],"version-history":[{"count":1,"href":"https:\/\/happymallorca.com\/de\/wp-json\/wp\/v2\/posts\/1383\/revisions"}],"predecessor-version":[{"id":3351,"href":"https:\/\/happymallorca.com\/de\/wp-json\/wp\/v2\/posts\/1383\/revisions\/3351"}],"wp:featuredmedia":[{"embeddable":true,"href":"https:\/\/happymallorca.com\/de\/wp-json\/wp\/v2\/media\/1399"}],"wp:attachment":[{"href":"https:\/\/happymallorca.com\/de\/wp-json\/wp\/v2\/media?parent=1383"}],"wp:term":[{"taxonomy":"category","embeddable":true,"href":"https:\/\/happymallorca.com\/de\/wp-json\/wp\/v2\/categories?post=1383"},{"taxonomy":"post_tag","embeddable":true,"href":"https:\/\/happymallorca.com\/de\/wp-json\/wp\/v2\/tags?post=1383"}],"curies":[{"name":"wp","href":"https:\/\/api.w.org\/{rel}","templated":true}]}}