{"id":1379,"date":"2024-04-16T14:05:43","date_gmt":"2024-04-16T14:05:43","guid":{"rendered":"https:\/\/happymallorca.com\/?p=1379"},"modified":"2024-08-06T13:09:14","modified_gmt":"2024-08-06T13:09:14","slug":"la-esencia-arquitectonica-de-mallorca","status":"publish","type":"post","link":"https:\/\/happymallorca.com\/de\/blog\/2024\/04\/16\/la-esencia-arquitectonica-de-mallorca\/","title":{"rendered":"Die architektonische Essenz von Mallorca"},"content":{"rendered":"\n<p>Entdecken Sie die Essenz der <strong>Kultur<\/strong> und <strong>Architektur Mallorcas<\/strong>, wo die Geschichte durch imposante Monumente und die Einzigartigkeit der Architektur zum Leben erweckt wird. Auf dieser Mittelmeerinsel erz\u00e4hlt jede Ecke eine faszinierende Geschichte, von alten Festungen bis hin zu majest\u00e4tischen Kathedralen, die den Horizont dominieren. Tauchen Sie ein in eine Reise durch die Zeit, w\u00e4hrend Sie das reiche architektonische Erbe Mallorcas erkunden, das die Einfl\u00fcsse verschiedener Kulturen widerspiegelt, die ihre Spuren in diesem balearischen Paradies hinterlassen haben.<\/p>\n\n\n<h2 class=\"wp-block-heading\"><strong>Die mallorquinische Architektur<\/strong><\/h2>\n\n\n<p>Die <strong>mallorquinische Architektur<\/strong> spiegelt die reiche <strong>Geschichte<\/strong> und die <strong>vielf\u00e4ltigen kulturellen Einfl\u00fcsse<\/strong> wider, die die Insel im Laufe der Jahrhunderte gepr\u00e4gt haben. Von der R\u00f6merzeit bis heute hat Mallorca eine Vielzahl architektonischer Stile erlebt, die ihr Stadtbild unausl\u00f6schlich gepr\u00e4gt haben. Zu den vorherrschenden Stilen geh\u00f6ren:<\/p>\n\n\n<ul class=\"wp-block-list\">\n<li><strong>R\u00f6misch:<\/strong> Die \u00dcberreste der <strong>Stadt Pollentia in Alc\u00fadia<\/strong> zeigen die r\u00f6mische Pr\u00e4senz auf der Insel und ihren Einfluss auf die Architektur.<\/li>\n\n\n<li><strong>Gotisch:<\/strong> Die <strong>Kathedrale von Santa Maria de Palma<\/strong>, allgemein bekannt als Kathedrale von Palma, ist ein pr\u00e4chtiges Beispiel gotischer Architektur, mit ihren hohen T\u00fcrmen und ornamentalen Details, die sie zu einem der bekanntesten Denkm\u00e4ler Mallorcas machen.<\/li>\n\n\n<li><strong>Renaissance:<\/strong> Pal\u00e4ste wie der <strong>Palau de l&#8217;Almudaina<\/strong> in Palma zeigen die Eleganz und Raffinesse des Renaissance-Stils, mit ihren symmetrischen Linien und skulptierten Fassaden.<\/li>\n\n\n<li><strong>Barock:<\/strong> Die <strong>Kirche Sant Francesc in Palma<\/strong> ist ein herausragendes Beispiel barocker Architektur auf Mallorca, mit ihrer aufwendigen Fassade und \u00fcppigen dekorativen Details.<\/li>\n<\/ul>\n\n\n<p>Diese Stile, zusammen mit anderen wie <strong>Mud\u00e9jar<\/strong>, <strong>Neoklassizismus<\/strong> und <strong>Modernismus<\/strong>, koexistieren harmonisch und schaffen ein einzigartiges architektonisches Mosaik, das die Sch\u00f6nheit Mallorcas ausmacht.<\/p>\n\n\n<h3 class=\"wp-block-heading\"><strong>Historische Denkm\u00e4ler Mallorcas<\/strong><\/h3>\n\n\n<p>Die Insel Mallorca ist \u00fcbers\u00e4t mit historischen Denkm\u00e4lern, die von ihrer glorreichen Vergangenheit und ihrem reichen kulturellen Erbe erz\u00e4hlen. Zu den bekanntesten geh\u00f6ren:<\/p>\n\n\n<ul class=\"wp-block-list\">\n<li><strong>Kathedrale von Santa Maria de Palma:<\/strong> Diese imposante gotische Kathedrale, erbaut zwischen dem <strong>13. und 16. Jahrhundert<\/strong>, ist ein Symbol der sakralen Architektur auf Mallorca. Ihr beeindruckendes <strong>Rosettenfenster<\/strong> und ihre <strong>hohen T\u00fcrme<\/strong> machen sie zu einem Muss f\u00fcr Geschichts- und Architekturliebhaber.<\/li>\n\n\n<li><strong>Castell de Bellver:<\/strong> Das Castell de Bellver befindet sich auf einem H\u00fcgel mit Blick auf Palma. Diese <strong>kreisf\u00f6rmige Festung<\/strong> stammt aus dem <strong>14. Jahrhundert<\/strong>. Ihr einzigartiges Design und ihre Panoramablicke machen sie zu einem unverzichtbaren Monument auf Mallorca und bieten den Besuchern einen Einblick in die mittelalterliche Vergangenheit der Insel.<\/li>\n\n\n<li><strong>La Almudaina:<\/strong> Dieser <a href=\"https:\/\/www.patrimonionacional.es\/visita\/palacio-real-de-la-almudaina\">befestigte Palast<\/a>, neben der Kathedrale von Palma gelegen, ist ein Zeugnis der Geschichte Mallorcas von der arabischen Zeit bis heute. Seine imposanten <strong>Mauern<\/strong> und seine <strong>Renaissance-Architektur<\/strong> machen ihn zu einem wichtigen Orientierungspunkt in der Stadt.<\/li>\n<\/ul>\n\n\n<p>Diese Monumente, zusammen mit vielen anderen, sind lebendige Zeugnisse des reichen historischen und kulturellen Erbes Mallorcas, die die Besucher einladen, in ihre faszinierende Vergangenheit einzutauchen.<\/p>\n\n\n<h2 class=\"wp-block-heading\"><strong>Kunst und Architektur Mallorcas<\/strong><\/h2>\n\n\n<p>Die <strong>Verschmelzung von Kunst und Architektur auf Mallorca<\/strong> ist in jeder Ecke der Insel offensichtlich, wo dekorative Elemente und einzigartige Techniken sich zu einem wahrhaft bezaubernden Stadtbild vereinen. Von den <strong>aufwendigen Buntglasfenstern<\/strong> der <strong>gotischen Kirchen<\/strong> bis hin zu den in Stein gemei\u00dfelten Details der <strong>Renaissancepal\u00e4ste<\/strong> hat die Kunst die Architektur Mallorcas \u00fcber die Jahrhunderte tiefgreifend beeinflusst.<\/p>\n\n\n<p>Gleichzeitig hat die <strong>Architektur eine Leinwand f\u00fcr k\u00fcnstlerischen Ausdruck<\/strong> geschaffen, mit Skulpturen, Fresken und Wandmalereien, die historische Geb\u00e4ude auf der ganzen Insel schm\u00fccken. Diese Symbiose zwischen Kunst und Architektur f\u00fchrt zu einem visuell atemberaubenden Erlebnis, das Besucher und Einheimische gleicherma\u00dfen fasziniert und das reiche kulturelle Erbe Mallorcas hervorhebt.<\/p>\n\n\n<h3 class=\"wp-block-heading\"><strong>Der Einfluss der Kulturen auf die Architektur Mallorcas<\/strong><\/h3>\n\n\n<p>Die <strong>Architektur Mallorcas<\/strong> ist das Ergebnis jahrhundertelanger kultureller Einfl\u00fcsse, die ihre unausl\u00f6schlichen Spuren im Stadtbild der Insel hinterlassen haben. Von der <strong>r\u00f6mischen Pr\u00e4senz<\/strong> in der Antike \u00fcber den <strong>arabischen Einfluss<\/strong> im Mittelalter bis hin zur Ankunft der <strong>Katalanen<\/strong> in der <strong>Moderne<\/strong> hat jede Kultur ihre Spuren in der Architektur der Insel hinterlassen.<\/p>\n\n\n<p>R\u00f6mische \u00dcberreste, wie <strong>Thermen<\/strong> und <strong>Aqu\u00e4dukte<\/strong>, zeugen von der r\u00f6mischen Pr\u00e4senz auf Mallorca, w\u00e4hrend die <strong>Mud\u00e9jar-Architektur<\/strong> den arabischen Einfluss auf der Insel widerspiegelt. Die <strong>Renaissancepal\u00e4ste<\/strong> und <strong>gotischen Kirchen<\/strong> hingegen zeigen den Einfluss der katalanischen Kultur auf Mallorca in der Neuzeit. Diese reiche Mischung von Kulturen \u00fcbersetzt sich in eine einzigartige und vielf\u00e4ltige Architektur, die das <strong>reiche historische und kulturelle Erbe Mallorcas<\/strong> widerspiegelt und Besucher aus aller Welt anzieht, um ihre faszinierende Vergangenheit zu erkunden.<\/p>\n\n\n<h2 class=\"wp-block-heading\"><strong>Erhaltung und Wertsch\u00e4tzung des architektonischen Erbes<\/strong><\/h2>\n\n\n<p>Die <strong>Erhaltung des architektonischen Erbes Mallorcas<\/strong> ist von entscheidender Bedeutung, um den historischen und kulturellen Reichtum der Insel zu bewahren. Diese historischen Monumente sind Zeugnisse vergangener Epochen und wichtige Orientierungspunkte, die Touristen aus aller Welt anziehen. Eine angemessene Konservierung dieser St\u00e4tten stellt sicher, dass zuk\u00fcnftige Generationen die Geschichte Mallorcas genie\u00dfen und daraus lernen k\u00f6nnen. Dar\u00fcber hinaus tr\u00e4gt die F\u00f6rderung des Kulturtourismus zur lokalen Wirtschaft bei und f\u00f6rdert ein gr\u00f6\u00dferes Verst\u00e4ndnis und Wertsch\u00e4tzung f\u00fcr den Wert des architektonischen Erbes der Insel.<\/p>\n\n\n<h2 class=\"wp-block-heading\"><strong>Die zeitlose Essenz Mallorcas<\/strong><\/h2>\n\n\n<p>Zusammenfassend l\u00e4sst sich sagen, dass die <strong>Kultur<\/strong> und <strong>Architektur Mallorcas<\/strong> einen unsch\u00e4tzbaren Schatz darstellen, der die reiche Geschichte und kulturelle Vielfalt der Insel offenbart. Von den alten r\u00f6mischen Ruinen bis hin zu den pr\u00e4chtigen Renaissancepal\u00e4sten erz\u00e4hlt jede Struktur eine faszinierende Geschichte \u00fcber die Vergangenheit Mallorcas und seine Entwicklung im Laufe der Jahrhunderte.<\/p>\n\n\n<p>Die <strong>Erhaltung<\/strong> und <strong>Wertsch\u00e4tzung<\/strong> dieses <strong>architektonischen Erbes<\/strong> bereichern die Erfahrung der Besucher und st\u00e4rken das Identit\u00e4tsbewusstsein und den Stolz der Einheimischen. Die Sch\u00f6nheit und architektonische Vielfalt Mallorcas sind lebendige Zeugen seiner kulturellen und historischen Bedeutung, die weiterhin diejenigen verzaubern, die das Privileg haben, diese bezaubernde Mittelmeerinsel zu erkunden.<\/p>\n\n\n<p>Warten Sie nicht l\u00e4nger und besuchen Sie diese architektonischen Juwelen, indem Sie in unseren <strong><a href=\"https:\/\/happymallorca.com\/\">Ferienwohnungen auf Mallorca<\/a><\/strong> in Orten wie <strong><a href=\"https:\/\/happymallorca.com\/alquiler-de-apartamentos-en-santa-margarita-mallorca\/\">Santa Margalida<\/a><\/strong> oder <strong><a href=\"https:\/\/happymallorca.com\/alquiler-de-apartamentos-en-son-serra-marina-mallorca\/\">Son Serra de la Marina<\/a><\/strong> \u00fcbernachten. <strong>Und lassen Sie sich von der Architektur und Kultur Mallorcas faszinieren!<\/strong><\/p>\n","protected":false},"excerpt":{"rendered":"<p>Entdecken Sie die Essenz der Kultur und Architektur Mallorcas, wo die Geschichte durch imposante Monumente und die Einzigartigkeit der Architektur zum Leben erweckt wird. Auf dieser Mittelmeerinsel erz\u00e4hlt jede Ecke eine faszinierende Geschichte, von alten Festungen bis hin zu majest\u00e4tischen Kathedralen, die den Horizont dominieren. Tauchen Sie ein in eine Reise durch die Zeit, w\u00e4hrend [&hellip;]<\/p>\n","protected":false},"author":1,"featured_media":1401,"comment_status":"closed","ping_status":"closed","sticky":false,"template":"","format":"standard","meta":{"footnotes":""},"categories":[29],"tags":[],"class_list":["post-1379","post","type-post","status-publish","format-standard","has-post-thumbnail","hentry","category-blog"],"yoast_head":"<!-- This site is optimized with the Yoast SEO plugin v27.4 - https:\/\/yoast.com\/product\/yoast-seo-wordpress\/ -->\n<title>Die architektonische Essenz von Mallorca - Ferienunterk\u00fcnfte in Mallorca<\/title>\n<meta name=\"robots\" content=\"index, follow, max-snippet:-1, max-image-preview:large, max-video-preview:-1\" \/>\n<link rel=\"canonical\" href=\"https:\/\/happymallorca.com\/de\/blog\/2024\/04\/16\/la-esencia-arquitectonica-de-mallorca\/\" \/>\n<meta property=\"og:locale\" content=\"es_ES\" \/>\n<meta property=\"og:type\" content=\"article\" \/>\n<meta property=\"og:title\" content=\"Die architektonische Essenz von Mallorca - Ferienunterk\u00fcnfte in Mallorca\" \/>\n<meta property=\"og:description\" content=\"Entdecken Sie die Essenz der Kultur und Architektur Mallorcas, wo die Geschichte durch imposante Monumente und die Einzigartigkeit der Architektur zum Leben erweckt wird. Auf dieser Mittelmeerinsel erz\u00e4hlt jede Ecke eine faszinierende Geschichte, von alten Festungen bis hin zu majest\u00e4tischen Kathedralen, die den Horizont dominieren. Tauchen Sie ein in eine Reise durch die Zeit, w\u00e4hrend [&hellip;]\" \/>\n<meta property=\"og:url\" content=\"https:\/\/happymallorca.com\/de\/blog\/2024\/04\/16\/la-esencia-arquitectonica-de-mallorca\/\" \/>\n<meta property=\"og:site_name\" content=\"Ferienunterk\u00fcnfte in Mallorca\" \/>\n<meta property=\"article:published_time\" content=\"2024-04-16T14:05:43+00:00\" \/>\n<meta property=\"article:modified_time\" content=\"2024-08-06T13:09:14+00:00\" \/>\n<meta property=\"og:image\" content=\"https:\/\/happymallorca.com\/de\/wp-content\/uploads\/sites\/3\/La-esencia-arquitectonica-de-Mallorca.webp\" \/>\n\t<meta property=\"og:image:width\" content=\"740\" \/>\n\t<meta property=\"og:image:height\" content=\"493\" \/>\n\t<meta property=\"og:image:type\" content=\"image\/webp\" \/>\n<meta name=\"author\" content=\"DesignAvirato\" \/>\n<meta name=\"twitter:card\" content=\"summary_large_image\" \/>\n<meta name=\"twitter:label1\" content=\"Escrito por\" \/>\n\t<meta name=\"twitter:data1\" content=\"DesignAvirato\" \/>\n\t<meta name=\"twitter:label2\" content=\"Tiempo de lectura\" \/>\n\t<meta name=\"twitter:data2\" content=\"5 minutos\" \/>\n<script type=\"application\/ld+json\" class=\"yoast-schema-graph\">{\"@context\":\"https:\\\/\\\/schema.org\",\"@graph\":[{\"@type\":\"Article\",\"@id\":\"https:\\\/\\\/happymallorca.com\\\/de\\\/blog\\\/2024\\\/04\\\/16\\\/la-esencia-arquitectonica-de-mallorca\\\/#article\",\"isPartOf\":{\"@id\":\"https:\\\/\\\/happymallorca.com\\\/de\\\/blog\\\/2024\\\/04\\\/16\\\/la-esencia-arquitectonica-de-mallorca\\\/\"},\"author\":{\"name\":\"DesignAvirato\",\"@id\":\"https:\\\/\\\/happymallorca.com\\\/de\\\/#\\\/schema\\\/person\\\/d92c6862eaa382d6e1d2e77da977d19a\"},\"headline\":\"Die architektonische Essenz von Mallorca\",\"datePublished\":\"2024-04-16T14:05:43+00:00\",\"dateModified\":\"2024-08-06T13:09:14+00:00\",\"mainEntityOfPage\":{\"@id\":\"https:\\\/\\\/happymallorca.com\\\/de\\\/blog\\\/2024\\\/04\\\/16\\\/la-esencia-arquitectonica-de-mallorca\\\/\"},\"wordCount\":980,\"publisher\":{\"@id\":\"https:\\\/\\\/happymallorca.com\\\/de\\\/#organization\"},\"image\":{\"@id\":\"https:\\\/\\\/happymallorca.com\\\/de\\\/blog\\\/2024\\\/04\\\/16\\\/la-esencia-arquitectonica-de-mallorca\\\/#primaryimage\"},\"thumbnailUrl\":\"https:\\\/\\\/happymallorca.com\\\/de\\\/wp-content\\\/uploads\\\/sites\\\/3\\\/La-esencia-arquitectonica-de-Mallorca.webp\",\"articleSection\":[\"blog\"],\"inLanguage\":\"es\"},{\"@type\":\"WebPage\",\"@id\":\"https:\\\/\\\/happymallorca.com\\\/de\\\/blog\\\/2024\\\/04\\\/16\\\/la-esencia-arquitectonica-de-mallorca\\\/\",\"url\":\"https:\\\/\\\/happymallorca.com\\\/de\\\/blog\\\/2024\\\/04\\\/16\\\/la-esencia-arquitectonica-de-mallorca\\\/\",\"name\":\"Die architektonische Essenz von Mallorca - Ferienunterk\u00fcnfte in Mallorca\",\"isPartOf\":{\"@id\":\"https:\\\/\\\/happymallorca.com\\\/de\\\/#website\"},\"primaryImageOfPage\":{\"@id\":\"https:\\\/\\\/happymallorca.com\\\/de\\\/blog\\\/2024\\\/04\\\/16\\\/la-esencia-arquitectonica-de-mallorca\\\/#primaryimage\"},\"image\":{\"@id\":\"https:\\\/\\\/happymallorca.com\\\/de\\\/blog\\\/2024\\\/04\\\/16\\\/la-esencia-arquitectonica-de-mallorca\\\/#primaryimage\"},\"thumbnailUrl\":\"https:\\\/\\\/happymallorca.com\\\/de\\\/wp-content\\\/uploads\\\/sites\\\/3\\\/La-esencia-arquitectonica-de-Mallorca.webp\",\"datePublished\":\"2024-04-16T14:05:43+00:00\",\"dateModified\":\"2024-08-06T13:09:14+00:00\",\"breadcrumb\":{\"@id\":\"https:\\\/\\\/happymallorca.com\\\/de\\\/blog\\\/2024\\\/04\\\/16\\\/la-esencia-arquitectonica-de-mallorca\\\/#breadcrumb\"},\"inLanguage\":\"es\",\"potentialAction\":[{\"@type\":\"ReadAction\",\"target\":[\"https:\\\/\\\/happymallorca.com\\\/de\\\/blog\\\/2024\\\/04\\\/16\\\/la-esencia-arquitectonica-de-mallorca\\\/\"]}]},{\"@type\":\"ImageObject\",\"inLanguage\":\"es\",\"@id\":\"https:\\\/\\\/happymallorca.com\\\/de\\\/blog\\\/2024\\\/04\\\/16\\\/la-esencia-arquitectonica-de-mallorca\\\/#primaryimage\",\"url\":\"https:\\\/\\\/happymallorca.com\\\/de\\\/wp-content\\\/uploads\\\/sites\\\/3\\\/La-esencia-arquitectonica-de-Mallorca.webp\",\"contentUrl\":\"https:\\\/\\\/happymallorca.com\\\/de\\\/wp-content\\\/uploads\\\/sites\\\/3\\\/La-esencia-arquitectonica-de-Mallorca.webp\",\"width\":740,\"height\":493},{\"@type\":\"BreadcrumbList\",\"@id\":\"https:\\\/\\\/happymallorca.com\\\/de\\\/blog\\\/2024\\\/04\\\/16\\\/la-esencia-arquitectonica-de-mallorca\\\/#breadcrumb\",\"itemListElement\":[{\"@type\":\"ListItem\",\"position\":1,\"name\":\"Portada\",\"item\":\"https:\\\/\\\/happymallorca.com\\\/de\\\/\"},{\"@type\":\"ListItem\",\"position\":2,\"name\":\"Die architektonische Essenz von Mallorca\"}]},{\"@type\":\"WebSite\",\"@id\":\"https:\\\/\\\/happymallorca.com\\\/de\\\/#website\",\"url\":\"https:\\\/\\\/happymallorca.com\\\/de\\\/\",\"name\":\"Ferienunterk\u00fcnfte in Mallorca\",\"description\":\"Happy Mallorca Rentals\",\"publisher\":{\"@id\":\"https:\\\/\\\/happymallorca.com\\\/de\\\/#organization\"},\"potentialAction\":[{\"@type\":\"SearchAction\",\"target\":{\"@type\":\"EntryPoint\",\"urlTemplate\":\"https:\\\/\\\/happymallorca.com\\\/de\\\/?s={search_term_string}\"},\"query-input\":{\"@type\":\"PropertyValueSpecification\",\"valueRequired\":true,\"valueName\":\"search_term_string\"}}],\"inLanguage\":\"es\"},{\"@type\":\"Organization\",\"@id\":\"https:\\\/\\\/happymallorca.com\\\/de\\\/#organization\",\"name\":\"Ferienunterk\u00fcnfte in Mallorca\",\"url\":\"https:\\\/\\\/happymallorca.com\\\/de\\\/\",\"logo\":{\"@type\":\"ImageObject\",\"inLanguage\":\"es\",\"@id\":\"https:\\\/\\\/happymallorca.com\\\/de\\\/#\\\/schema\\\/logo\\\/image\\\/\",\"url\":\"https:\\\/\\\/happymallorca.com\\\/de\\\/wp-content\\\/uploads\\\/sites\\\/3\\\/logo-happyMallorcaRentals.webp\",\"contentUrl\":\"https:\\\/\\\/happymallorca.com\\\/de\\\/wp-content\\\/uploads\\\/sites\\\/3\\\/logo-happyMallorcaRentals.webp\",\"width\":303,\"height\":100,\"caption\":\"Ferienunterk\u00fcnfte in Mallorca\"},\"image\":{\"@id\":\"https:\\\/\\\/happymallorca.com\\\/de\\\/#\\\/schema\\\/logo\\\/image\\\/\"}},{\"@type\":\"Person\",\"@id\":\"https:\\\/\\\/happymallorca.com\\\/de\\\/#\\\/schema\\\/person\\\/d92c6862eaa382d6e1d2e77da977d19a\",\"name\":\"DesignAvirato\",\"image\":{\"@type\":\"ImageObject\",\"inLanguage\":\"es\",\"@id\":\"https:\\\/\\\/secure.gravatar.com\\\/avatar\\\/0b1584ebdae3d173b7bdbcba09035f6f78940e08654113111c4db8c3739c166e?s=96&d=mm&r=g\",\"url\":\"https:\\\/\\\/secure.gravatar.com\\\/avatar\\\/0b1584ebdae3d173b7bdbcba09035f6f78940e08654113111c4db8c3739c166e?s=96&d=mm&r=g\",\"contentUrl\":\"https:\\\/\\\/secure.gravatar.com\\\/avatar\\\/0b1584ebdae3d173b7bdbcba09035f6f78940e08654113111c4db8c3739c166e?s=96&d=mm&r=g\",\"caption\":\"DesignAvirato\"},\"sameAs\":[\"https:\\\/\\\/happymallorca.com\"],\"url\":\"https:\\\/\\\/happymallorca.com\\\/de\\\/blog\\\/author\\\/designavirato\\\/\"}]}<\/script>\n<!-- \/ Yoast SEO plugin. -->","yoast_head_json":{"title":"Die architektonische Essenz von Mallorca - Ferienunterk\u00fcnfte in Mallorca","robots":{"index":"index","follow":"follow","max-snippet":"max-snippet:-1","max-image-preview":"max-image-preview:large","max-video-preview":"max-video-preview:-1"},"canonical":"https:\/\/happymallorca.com\/de\/blog\/2024\/04\/16\/la-esencia-arquitectonica-de-mallorca\/","og_locale":"es_ES","og_type":"article","og_title":"Die architektonische Essenz von Mallorca - Ferienunterk\u00fcnfte in Mallorca","og_description":"Entdecken Sie die Essenz der Kultur und Architektur Mallorcas, wo die Geschichte durch imposante Monumente und die Einzigartigkeit der Architektur zum Leben erweckt wird. Auf dieser Mittelmeerinsel erz\u00e4hlt jede Ecke eine faszinierende Geschichte, von alten Festungen bis hin zu majest\u00e4tischen Kathedralen, die den Horizont dominieren. Tauchen Sie ein in eine Reise durch die Zeit, w\u00e4hrend [&hellip;]","og_url":"https:\/\/happymallorca.com\/de\/blog\/2024\/04\/16\/la-esencia-arquitectonica-de-mallorca\/","og_site_name":"Ferienunterk\u00fcnfte in Mallorca","article_published_time":"2024-04-16T14:05:43+00:00","article_modified_time":"2024-08-06T13:09:14+00:00","og_image":[{"width":740,"height":493,"url":"https:\/\/happymallorca.com\/de\/wp-content\/uploads\/sites\/3\/La-esencia-arquitectonica-de-Mallorca.webp","type":"image\/webp"}],"author":"DesignAvirato","twitter_card":"summary_large_image","twitter_misc":{"Escrito por":"DesignAvirato","Tiempo de lectura":"5 minutos"},"schema":{"@context":"https:\/\/schema.org","@graph":[{"@type":"Article","@id":"https:\/\/happymallorca.com\/de\/blog\/2024\/04\/16\/la-esencia-arquitectonica-de-mallorca\/#article","isPartOf":{"@id":"https:\/\/happymallorca.com\/de\/blog\/2024\/04\/16\/la-esencia-arquitectonica-de-mallorca\/"},"author":{"name":"DesignAvirato","@id":"https:\/\/happymallorca.com\/de\/#\/schema\/person\/d92c6862eaa382d6e1d2e77da977d19a"},"headline":"Die architektonische Essenz von Mallorca","datePublished":"2024-04-16T14:05:43+00:00","dateModified":"2024-08-06T13:09:14+00:00","mainEntityOfPage":{"@id":"https:\/\/happymallorca.com\/de\/blog\/2024\/04\/16\/la-esencia-arquitectonica-de-mallorca\/"},"wordCount":980,"publisher":{"@id":"https:\/\/happymallorca.com\/de\/#organization"},"image":{"@id":"https:\/\/happymallorca.com\/de\/blog\/2024\/04\/16\/la-esencia-arquitectonica-de-mallorca\/#primaryimage"},"thumbnailUrl":"https:\/\/happymallorca.com\/de\/wp-content\/uploads\/sites\/3\/La-esencia-arquitectonica-de-Mallorca.webp","articleSection":["blog"],"inLanguage":"es"},{"@type":"WebPage","@id":"https:\/\/happymallorca.com\/de\/blog\/2024\/04\/16\/la-esencia-arquitectonica-de-mallorca\/","url":"https:\/\/happymallorca.com\/de\/blog\/2024\/04\/16\/la-esencia-arquitectonica-de-mallorca\/","name":"Die architektonische Essenz von Mallorca - Ferienunterk\u00fcnfte in Mallorca","isPartOf":{"@id":"https:\/\/happymallorca.com\/de\/#website"},"primaryImageOfPage":{"@id":"https:\/\/happymallorca.com\/de\/blog\/2024\/04\/16\/la-esencia-arquitectonica-de-mallorca\/#primaryimage"},"image":{"@id":"https:\/\/happymallorca.com\/de\/blog\/2024\/04\/16\/la-esencia-arquitectonica-de-mallorca\/#primaryimage"},"thumbnailUrl":"https:\/\/happymallorca.com\/de\/wp-content\/uploads\/sites\/3\/La-esencia-arquitectonica-de-Mallorca.webp","datePublished":"2024-04-16T14:05:43+00:00","dateModified":"2024-08-06T13:09:14+00:00","breadcrumb":{"@id":"https:\/\/happymallorca.com\/de\/blog\/2024\/04\/16\/la-esencia-arquitectonica-de-mallorca\/#breadcrumb"},"inLanguage":"es","potentialAction":[{"@type":"ReadAction","target":["https:\/\/happymallorca.com\/de\/blog\/2024\/04\/16\/la-esencia-arquitectonica-de-mallorca\/"]}]},{"@type":"ImageObject","inLanguage":"es","@id":"https:\/\/happymallorca.com\/de\/blog\/2024\/04\/16\/la-esencia-arquitectonica-de-mallorca\/#primaryimage","url":"https:\/\/happymallorca.com\/de\/wp-content\/uploads\/sites\/3\/La-esencia-arquitectonica-de-Mallorca.webp","contentUrl":"https:\/\/happymallorca.com\/de\/wp-content\/uploads\/sites\/3\/La-esencia-arquitectonica-de-Mallorca.webp","width":740,"height":493},{"@type":"BreadcrumbList","@id":"https:\/\/happymallorca.com\/de\/blog\/2024\/04\/16\/la-esencia-arquitectonica-de-mallorca\/#breadcrumb","itemListElement":[{"@type":"ListItem","position":1,"name":"Portada","item":"https:\/\/happymallorca.com\/de\/"},{"@type":"ListItem","position":2,"name":"Die architektonische Essenz von Mallorca"}]},{"@type":"WebSite","@id":"https:\/\/happymallorca.com\/de\/#website","url":"https:\/\/happymallorca.com\/de\/","name":"Ferienunterk\u00fcnfte in Mallorca","description":"Happy Mallorca Rentals","publisher":{"@id":"https:\/\/happymallorca.com\/de\/#organization"},"potentialAction":[{"@type":"SearchAction","target":{"@type":"EntryPoint","urlTemplate":"https:\/\/happymallorca.com\/de\/?s={search_term_string}"},"query-input":{"@type":"PropertyValueSpecification","valueRequired":true,"valueName":"search_term_string"}}],"inLanguage":"es"},{"@type":"Organization","@id":"https:\/\/happymallorca.com\/de\/#organization","name":"Ferienunterk\u00fcnfte in Mallorca","url":"https:\/\/happymallorca.com\/de\/","logo":{"@type":"ImageObject","inLanguage":"es","@id":"https:\/\/happymallorca.com\/de\/#\/schema\/logo\/image\/","url":"https:\/\/happymallorca.com\/de\/wp-content\/uploads\/sites\/3\/logo-happyMallorcaRentals.webp","contentUrl":"https:\/\/happymallorca.com\/de\/wp-content\/uploads\/sites\/3\/logo-happyMallorcaRentals.webp","width":303,"height":100,"caption":"Ferienunterk\u00fcnfte in Mallorca"},"image":{"@id":"https:\/\/happymallorca.com\/de\/#\/schema\/logo\/image\/"}},{"@type":"Person","@id":"https:\/\/happymallorca.com\/de\/#\/schema\/person\/d92c6862eaa382d6e1d2e77da977d19a","name":"DesignAvirato","image":{"@type":"ImageObject","inLanguage":"es","@id":"https:\/\/secure.gravatar.com\/avatar\/0b1584ebdae3d173b7bdbcba09035f6f78940e08654113111c4db8c3739c166e?s=96&d=mm&r=g","url":"https:\/\/secure.gravatar.com\/avatar\/0b1584ebdae3d173b7bdbcba09035f6f78940e08654113111c4db8c3739c166e?s=96&d=mm&r=g","contentUrl":"https:\/\/secure.gravatar.com\/avatar\/0b1584ebdae3d173b7bdbcba09035f6f78940e08654113111c4db8c3739c166e?s=96&d=mm&r=g","caption":"DesignAvirato"},"sameAs":["https:\/\/happymallorca.com"],"url":"https:\/\/happymallorca.com\/de\/blog\/author\/designavirato\/"}]}},"_links":{"self":[{"href":"https:\/\/happymallorca.com\/de\/wp-json\/wp\/v2\/posts\/1379","targetHints":{"allow":["GET"]}}],"collection":[{"href":"https:\/\/happymallorca.com\/de\/wp-json\/wp\/v2\/posts"}],"about":[{"href":"https:\/\/happymallorca.com\/de\/wp-json\/wp\/v2\/types\/post"}],"author":[{"embeddable":true,"href":"https:\/\/happymallorca.com\/de\/wp-json\/wp\/v2\/users\/1"}],"replies":[{"embeddable":true,"href":"https:\/\/happymallorca.com\/de\/wp-json\/wp\/v2\/comments?post=1379"}],"version-history":[{"count":1,"href":"https:\/\/happymallorca.com\/de\/wp-json\/wp\/v2\/posts\/1379\/revisions"}],"predecessor-version":[{"id":3355,"href":"https:\/\/happymallorca.com\/de\/wp-json\/wp\/v2\/posts\/1379\/revisions\/3355"}],"wp:featuredmedia":[{"embeddable":true,"href":"https:\/\/happymallorca.com\/de\/wp-json\/wp\/v2\/media\/1401"}],"wp:attachment":[{"href":"https:\/\/happymallorca.com\/de\/wp-json\/wp\/v2\/media?parent=1379"}],"wp:term":[{"taxonomy":"category","embeddable":true,"href":"https:\/\/happymallorca.com\/de\/wp-json\/wp\/v2\/categories?post=1379"},{"taxonomy":"post_tag","embeddable":true,"href":"https:\/\/happymallorca.com\/de\/wp-json\/wp\/v2\/tags?post=1379"}],"curies":[{"name":"wp","href":"https:\/\/api.w.org\/{rel}","templated":true}]}}