{"id":1363,"date":"2024-04-16T13:59:16","date_gmt":"2024-04-16T13:59:16","guid":{"rendered":"https:\/\/happymallorca.com\/?p=1363"},"modified":"2024-08-06T13:36:07","modified_gmt":"2024-08-06T13:36:07","slug":"la-magia-de-mallorca-en-temporada-baja","status":"publish","type":"post","link":"https:\/\/happymallorca.com\/de\/blog\/2024\/04\/16\/la-magia-de-mallorca-en-temporada-baja\/","title":{"rendered":"Der Zauber von Mallorca in der Nebensaison"},"content":{"rendered":"\n<p><strong><a href=\"https:\/\/happymallorca.com\/mallorca\/\" title=\"Mallorca\">Mallorca<\/a><\/strong>, bekannt f\u00fcr seine sonnenverw\u00f6hnten Str\u00e4nde und warmen Sommermonate, offenbart in der <strong>Nebensaison<\/strong> einen bezaubernden Charme. Ohne den Trubel der Hochsaison zeigt die Insel eine neue Perspektive, in der jeder Winkel eine besondere W\u00e4rme erh\u00e4lt. Im <strong>Herbst<\/strong> und <strong>Winter<\/strong> entfaltet sich ihre Magie auf eine intimere und authentischere Weise und l\u00e4dt dich ein, in ihre ruhige Essenz einzutauchen und die verborgenen Sch\u00e4tze zu entdecken, die sich zwischen den Herbstfarben und der winterlichen Gelassenheit zeigen.<\/p>\n\n\n<h2 class=\"wp-block-heading\"><strong>Vorteile eines Besuchs von Mallorca in der Nebensaison<\/strong><\/h2>\n\n\n<p><strong>Mallorca<\/strong> in der <strong>Nebensaison<\/strong> enth\u00fcllt eine weniger bekannte, aber ebenso faszinierende Seite der Insel. Jenseits des sommerlichen Trubels pr\u00e4sentiert sie sich als perfektes Reiseziel f\u00fcr diejenigen, die eine <strong>authentischere und ruhigere Erfahrung<\/strong> suchen. Die <strong>milden Temperaturen im Herbst und Winter<\/strong> erm\u00f6glichen es, die Insel auf eine entspanntere Weise zu entdecken, ohne die \u00fcberw\u00e4ltigende Hitze, die die Sommermonate kennzeichnet.<\/p>\n\n\n<p>Die <strong>Abwesenheit von Menschenmassen<\/strong> bietet die Gelegenheit, <strong>die Insel in deinem eigenen Tempo zu genie\u00dfen<\/strong>. Die zuvor \u00fcberf\u00fcllten Sehensw\u00fcrdigkeiten werden zug\u00e4nglicher, sodass du sie ohne die typischen Menschenmengen der Hochsaison erkunden kannst.<\/p>\n\n\n<p>Dar\u00fcber hinaus bringt die Nebensaison <strong>g\u00fcnstigere Preise f\u00fcr Unterk\u00fcnfte und Aktivit\u00e4ten<\/strong> mit sich, was es den Reisenden erm\u00f6glicht, hochwertige Unterkunftsoptionen zu erschwinglicheren Tarifen zu genie\u00dfen. Dieser wirtschaftliche Vorteil kombiniert sich mit der M\u00f6glichkeit, die Insel aus einer anderen Perspektive zu entdecken und einzigartige, authentische Erlebnisse zu genie\u00dfen, die sich nur in diesen ruhigeren Monaten offenbaren.<\/p>\n\n\n<h2 class=\"wp-block-heading\"><strong>Charmante Unterk\u00fcnfte f\u00fcr Herbst und Winter<\/strong><\/h2>\n\n\n<p>Die Nebensaison bringt eine bemerkenswerte Verwandlung in den Unterk\u00fcnften Mallorcas mit sich. Die \u00dcbernachtungsm\u00f6glichkeiten erhalten eine <strong>warme und gem\u00fctliche Atmosph\u00e4re<\/strong>, die sich an die ruhigere Stimmung der Insel anpasst. Von <strong>charmanten l\u00e4ndlichen Fincas<\/strong> bis hin zu <strong>Boutique-Hotels<\/strong> und <strong>gem\u00fctlichen Apartments<\/strong> ist die Vielfalt an Optionen beeindruckend.<\/p>\n\n\n<p><a href=\"https:\/\/happymallorca.com\/mapa\/\" title=\"Nuestros alojamientos vacacionales\">Unsere <strong>Ferienunterk\u00fcnfte<\/strong><\/a>, strategisch auf der Insel gelegen, bieten weit mehr als nur Komfort. Sie bieten ein <strong>authentisches Erlebnis<\/strong>, das den Geist Mallorcas in jedem Detail widerspiegelt. Die M\u00f6glichkeit, in das lokale Leben einzutauchen und au\u00dfergew\u00f6hnliche Dienstleistungen zu genie\u00dfen, ist ein Teil dessen, was diese Orte das ganze Jahr \u00fcber unvergesslich macht.<\/p>\n\n\n<h2 class=\"wp-block-heading\"><strong>Einzigartige Aktivit\u00e4ten im Herbst und Winter<\/strong><\/h2>\n\n\n<p><strong>Welche Wunder erwarten dich in den weniger erkundeten Ecken Mallorcas?<\/strong> Die <strong>szenischen Wanderwege<\/strong> verwandeln sich in ein wahres Spektakel w\u00e4hrend der <a href=\"https:\/\/www.lavanguardia.com\/participacion\/cartas\/20231126\/9403194\/otono-isla-mallorca.html\" title=\"estaci\u00f3n\">Herbst- und Wintersaison<\/a>. Stell dir vor, du wanderst durch die lebendigen Farben der Saison! Mallorca schm\u00fcckt sich mit einer <strong>Palette von Herbstt\u00f6nen<\/strong>, die jede Route in ein einzigartiges visuelles Erlebnis verwandeln. Das Entdecken dieser Wanderwege erm\u00f6glicht nicht nur die Bewunderung der nat\u00fcrlichen Sch\u00f6nheit, sondern auch die Verbindung mit dem reinsten Wesen der Insel.<\/p>\n\n\n<p><strong>Wie lebt man die lokale Kultur jenseits der Sommermonate?<\/strong> Die Authentizit\u00e4t Mallorcas wird in ihren <strong>traditionellen Festen<\/strong> und der k\u00f6stlichen <strong>Saison-Gastronomie<\/strong> deutlich. Kulturelle Veranstaltungen erwachen im Herbst und Winter zum Leben und bieten die Gelegenheit, in die lokalen Traditionen einzutauchen. Au\u00dferdem enth\u00fcllen die <strong>typischen Gerichte der Saison<\/strong>, wie die k\u00f6stlichen <strong>Suppen<\/strong> und <strong>w\u00e4rmenden Eint\u00f6pfe<\/strong>, die kulinarische Seele der Insel in den Unterk\u00fcnften, wo wir dich zu den besten Orten f\u00fchren, um diese authentischen Aromen zu genie\u00dfen.<\/p>\n\n\n<p><strong>Welche Geheimnisse verbergen die ruhigeren Monate auf Mallorca?<\/strong> Die M\u00f6glichkeit, diese Wanderwege zu erkunden und in das kulturelle und gastronomische Leben der Insel in der Nebensaison einzutauchen, ist eine einzigartige Gelegenheit. Dar\u00fcber hinaus findest du in <strong>unseren Unterk\u00fcnften<\/strong> nicht nur einen Ort zum Ausruhen, sondern auch eine F\u00fchrung zu diesen einzigartigen Erlebnissen, die die wahre Essenz Mallorcas im Herbst und Winter offenbaren.<\/p>\n\n\n<h2 class=\"wp-block-heading\"><strong>Empfehlungen zur Planung deiner Reise in der Nebensaison<\/strong><\/h2>\n\n\n<p>Um sicherzustellen, dass du Mallorca im Herbst und Winter in vollen Z\u00fcgen genie\u00dfen kannst, ist eine sorgf\u00e4ltige Planung notwendig, um ein komfortables und angenehmes Erlebnis zu gew\u00e4hrleisten. Hier sind einige <strong>Empfehlungen<\/strong>, damit dein Besuch unvergesslich wird:<\/p>\n\n\n<ol class=\"wp-block-list\">\n<li><strong>Geeignete Kleidung:<\/strong> Stelle sicher, dass du <strong>Kleidung f\u00fcr k\u00fchle Temperaturen<\/strong> einpackst. Nimm leichte M\u00e4ntel, Pullover und Schals mit, um dich bei deinen Erkundungen der Insel wohl zu f\u00fchlen. Vielseitige Kleidung erm\u00f6glicht es dir, dich an Wetter\u00e4nderungen anzupassen.<\/li>\n\n\n<li><strong>Passendes Schuhwerk:<\/strong> W\u00e4hle <strong>bequeme und robuste Schuhe<\/strong>, die es dir erm\u00f6glichen, die Insel ohne Einschr\u00e4nkungen zu erkunden. Die Wanderwege und Pfade bieten beeindruckende Landschaften, daher ist geeignetes Schuhwerk f\u00fcr Wanderungen unerl\u00e4sslich.<\/li>\n\n\n<li><strong>Informiere dich \u00fcber lokale Veranstaltungen:<\/strong> Suche vor deiner Ankunft nach <strong>kulturellen Veranstaltungen<\/strong>, M\u00e4rkten oder Festen, die w\u00e4hrend deines Aufenthalts auf der Insel stattfinden. Nutze die Gelegenheit, in das lokale Leben einzutauchen und Aktivit\u00e4ten zu genie\u00dfen, die die Authentizit\u00e4t Mallorcas in dieser Saison widerspiegeln.<\/li>\n\n\n<li><strong>\u00d6ffnungszeiten und Reservierungen:<\/strong> Aufgrund der geringeren Touristenstr\u00f6me k\u00f6nnen einige Sehensw\u00fcrdigkeiten und Restaurants verk\u00fcrzte \u00d6ffnungszeiten haben oder Reservierungen erfordern. Stelle sicher, dass du <strong>die \u00d6ffnungszeiten \u00fcberpr\u00fcfst<\/strong> und erw\u00e4ge, im Voraus Reservierungen vorzunehmen, um den Zugang zu den gew\u00fcnschten Orten sicherzustellen.<\/li>\n<\/ol>\n\n\n<h2 class=\"wp-block-heading\"><strong>Mallorca im Herbst und Winter<\/strong><\/h2>\n\n\n<p>Mallorca im Herbst und Winter enth\u00fcllt eine andere, aber ebenso bezaubernde Facette. Eine Reise in der Nebensaison zu planen, bietet die M\u00f6glichkeit, <strong>authentische Erlebnisse<\/strong>, gem\u00fctliche Unterk\u00fcnfte und eine intimere Verbindung zu dieser wundersch\u00f6nen Insel zu genie\u00dfen.<\/p>\n\n\n<p>Erlebe die Authentizit\u00e4t Mallorcas jenseits des Sommers. <strong><a href=\"https:\/\/happymallorca.com\" title=\"Descubre nuestros servicios de alojamientos vacacionales\">Entdecke unsere Ferienunterk\u00fcnfte<\/a><\/strong>, die ideal sind, um die Insel in der Nebensaison zu genie\u00dfen.<\/p>\n","protected":false},"excerpt":{"rendered":"<p>Mallorca, bekannt f\u00fcr seine sonnenverw\u00f6hnten Str\u00e4nde und warmen Sommermonate, offenbart in der Nebensaison einen bezaubernden Charme. Ohne den Trubel der Hochsaison zeigt die Insel eine neue Perspektive, in der jeder Winkel eine besondere W\u00e4rme erh\u00e4lt. Im Herbst und Winter entfaltet sich ihre Magie auf eine intimere und authentischere Weise und l\u00e4dt dich ein, in ihre [&hellip;]<\/p>\n","protected":false},"author":1,"featured_media":1411,"comment_status":"closed","ping_status":"closed","sticky":false,"template":"","format":"standard","meta":{"footnotes":""},"categories":[29],"tags":[],"class_list":["post-1363","post","type-post","status-publish","format-standard","has-post-thumbnail","hentry","category-blog"],"yoast_head":"<!-- This site is optimized with the Yoast SEO plugin v27.4 - https:\/\/yoast.com\/product\/yoast-seo-wordpress\/ -->\n<title>Der Zauber von Mallorca in der Nebensaison - Ferienunterk\u00fcnfte in Mallorca<\/title>\n<meta name=\"robots\" content=\"index, follow, max-snippet:-1, max-image-preview:large, max-video-preview:-1\" \/>\n<link rel=\"canonical\" href=\"https:\/\/happymallorca.com\/de\/blog\/2024\/04\/16\/la-magia-de-mallorca-en-temporada-baja\/\" \/>\n<meta property=\"og:locale\" content=\"es_ES\" \/>\n<meta property=\"og:type\" content=\"article\" \/>\n<meta property=\"og:title\" content=\"Der Zauber von Mallorca in der Nebensaison - Ferienunterk\u00fcnfte in Mallorca\" \/>\n<meta property=\"og:description\" content=\"Mallorca, bekannt f\u00fcr seine sonnenverw\u00f6hnten Str\u00e4nde und warmen Sommermonate, offenbart in der Nebensaison einen bezaubernden Charme. Ohne den Trubel der Hochsaison zeigt die Insel eine neue Perspektive, in der jeder Winkel eine besondere W\u00e4rme erh\u00e4lt. Im Herbst und Winter entfaltet sich ihre Magie auf eine intimere und authentischere Weise und l\u00e4dt dich ein, in ihre [&hellip;]\" \/>\n<meta property=\"og:url\" content=\"https:\/\/happymallorca.com\/de\/blog\/2024\/04\/16\/la-magia-de-mallorca-en-temporada-baja\/\" \/>\n<meta property=\"og:site_name\" content=\"Ferienunterk\u00fcnfte in Mallorca\" \/>\n<meta property=\"article:published_time\" content=\"2024-04-16T13:59:16+00:00\" \/>\n<meta property=\"article:modified_time\" content=\"2024-08-06T13:36:07+00:00\" \/>\n<meta property=\"og:image\" content=\"https:\/\/happymallorca.com\/de\/wp-content\/uploads\/sites\/3\/La-magia-de-Mallorca-en-temporada-baja.webp\" \/>\n\t<meta property=\"og:image:width\" content=\"600\" \/>\n\t<meta property=\"og:image:height\" content=\"400\" \/>\n\t<meta property=\"og:image:type\" content=\"image\/webp\" \/>\n<meta name=\"author\" content=\"DesignAvirato\" \/>\n<meta name=\"twitter:card\" content=\"summary_large_image\" \/>\n<meta name=\"twitter:label1\" content=\"Escrito por\" \/>\n\t<meta name=\"twitter:data1\" content=\"DesignAvirato\" \/>\n\t<meta name=\"twitter:label2\" content=\"Tiempo de lectura\" \/>\n\t<meta name=\"twitter:data2\" content=\"4 minutos\" \/>\n<script type=\"application\/ld+json\" class=\"yoast-schema-graph\">{\"@context\":\"https:\\\/\\\/schema.org\",\"@graph\":[{\"@type\":\"Article\",\"@id\":\"https:\\\/\\\/happymallorca.com\\\/de\\\/blog\\\/2024\\\/04\\\/16\\\/la-magia-de-mallorca-en-temporada-baja\\\/#article\",\"isPartOf\":{\"@id\":\"https:\\\/\\\/happymallorca.com\\\/de\\\/blog\\\/2024\\\/04\\\/16\\\/la-magia-de-mallorca-en-temporada-baja\\\/\"},\"author\":{\"name\":\"DesignAvirato\",\"@id\":\"https:\\\/\\\/happymallorca.com\\\/de\\\/#\\\/schema\\\/person\\\/d92c6862eaa382d6e1d2e77da977d19a\"},\"headline\":\"Der Zauber von Mallorca in der Nebensaison\",\"datePublished\":\"2024-04-16T13:59:16+00:00\",\"dateModified\":\"2024-08-06T13:36:07+00:00\",\"mainEntityOfPage\":{\"@id\":\"https:\\\/\\\/happymallorca.com\\\/de\\\/blog\\\/2024\\\/04\\\/16\\\/la-magia-de-mallorca-en-temporada-baja\\\/\"},\"wordCount\":906,\"publisher\":{\"@id\":\"https:\\\/\\\/happymallorca.com\\\/de\\\/#organization\"},\"image\":{\"@id\":\"https:\\\/\\\/happymallorca.com\\\/de\\\/blog\\\/2024\\\/04\\\/16\\\/la-magia-de-mallorca-en-temporada-baja\\\/#primaryimage\"},\"thumbnailUrl\":\"https:\\\/\\\/happymallorca.com\\\/de\\\/wp-content\\\/uploads\\\/sites\\\/3\\\/La-magia-de-Mallorca-en-temporada-baja.webp\",\"articleSection\":[\"blog\"],\"inLanguage\":\"es\"},{\"@type\":\"WebPage\",\"@id\":\"https:\\\/\\\/happymallorca.com\\\/de\\\/blog\\\/2024\\\/04\\\/16\\\/la-magia-de-mallorca-en-temporada-baja\\\/\",\"url\":\"https:\\\/\\\/happymallorca.com\\\/de\\\/blog\\\/2024\\\/04\\\/16\\\/la-magia-de-mallorca-en-temporada-baja\\\/\",\"name\":\"Der Zauber von Mallorca in der Nebensaison - Ferienunterk\u00fcnfte in Mallorca\",\"isPartOf\":{\"@id\":\"https:\\\/\\\/happymallorca.com\\\/de\\\/#website\"},\"primaryImageOfPage\":{\"@id\":\"https:\\\/\\\/happymallorca.com\\\/de\\\/blog\\\/2024\\\/04\\\/16\\\/la-magia-de-mallorca-en-temporada-baja\\\/#primaryimage\"},\"image\":{\"@id\":\"https:\\\/\\\/happymallorca.com\\\/de\\\/blog\\\/2024\\\/04\\\/16\\\/la-magia-de-mallorca-en-temporada-baja\\\/#primaryimage\"},\"thumbnailUrl\":\"https:\\\/\\\/happymallorca.com\\\/de\\\/wp-content\\\/uploads\\\/sites\\\/3\\\/La-magia-de-Mallorca-en-temporada-baja.webp\",\"datePublished\":\"2024-04-16T13:59:16+00:00\",\"dateModified\":\"2024-08-06T13:36:07+00:00\",\"breadcrumb\":{\"@id\":\"https:\\\/\\\/happymallorca.com\\\/de\\\/blog\\\/2024\\\/04\\\/16\\\/la-magia-de-mallorca-en-temporada-baja\\\/#breadcrumb\"},\"inLanguage\":\"es\",\"potentialAction\":[{\"@type\":\"ReadAction\",\"target\":[\"https:\\\/\\\/happymallorca.com\\\/de\\\/blog\\\/2024\\\/04\\\/16\\\/la-magia-de-mallorca-en-temporada-baja\\\/\"]}]},{\"@type\":\"ImageObject\",\"inLanguage\":\"es\",\"@id\":\"https:\\\/\\\/happymallorca.com\\\/de\\\/blog\\\/2024\\\/04\\\/16\\\/la-magia-de-mallorca-en-temporada-baja\\\/#primaryimage\",\"url\":\"https:\\\/\\\/happymallorca.com\\\/de\\\/wp-content\\\/uploads\\\/sites\\\/3\\\/La-magia-de-Mallorca-en-temporada-baja.webp\",\"contentUrl\":\"https:\\\/\\\/happymallorca.com\\\/de\\\/wp-content\\\/uploads\\\/sites\\\/3\\\/La-magia-de-Mallorca-en-temporada-baja.webp\",\"width\":600,\"height\":400},{\"@type\":\"BreadcrumbList\",\"@id\":\"https:\\\/\\\/happymallorca.com\\\/de\\\/blog\\\/2024\\\/04\\\/16\\\/la-magia-de-mallorca-en-temporada-baja\\\/#breadcrumb\",\"itemListElement\":[{\"@type\":\"ListItem\",\"position\":1,\"name\":\"Portada\",\"item\":\"https:\\\/\\\/happymallorca.com\\\/de\\\/\"},{\"@type\":\"ListItem\",\"position\":2,\"name\":\"Der Zauber von Mallorca in der Nebensaison\"}]},{\"@type\":\"WebSite\",\"@id\":\"https:\\\/\\\/happymallorca.com\\\/de\\\/#website\",\"url\":\"https:\\\/\\\/happymallorca.com\\\/de\\\/\",\"name\":\"Ferienunterk\u00fcnfte in Mallorca\",\"description\":\"Happy Mallorca Rentals\",\"publisher\":{\"@id\":\"https:\\\/\\\/happymallorca.com\\\/de\\\/#organization\"},\"potentialAction\":[{\"@type\":\"SearchAction\",\"target\":{\"@type\":\"EntryPoint\",\"urlTemplate\":\"https:\\\/\\\/happymallorca.com\\\/de\\\/?s={search_term_string}\"},\"query-input\":{\"@type\":\"PropertyValueSpecification\",\"valueRequired\":true,\"valueName\":\"search_term_string\"}}],\"inLanguage\":\"es\"},{\"@type\":\"Organization\",\"@id\":\"https:\\\/\\\/happymallorca.com\\\/de\\\/#organization\",\"name\":\"Ferienunterk\u00fcnfte in Mallorca\",\"url\":\"https:\\\/\\\/happymallorca.com\\\/de\\\/\",\"logo\":{\"@type\":\"ImageObject\",\"inLanguage\":\"es\",\"@id\":\"https:\\\/\\\/happymallorca.com\\\/de\\\/#\\\/schema\\\/logo\\\/image\\\/\",\"url\":\"https:\\\/\\\/happymallorca.com\\\/de\\\/wp-content\\\/uploads\\\/sites\\\/3\\\/logo-happyMallorcaRentals.webp\",\"contentUrl\":\"https:\\\/\\\/happymallorca.com\\\/de\\\/wp-content\\\/uploads\\\/sites\\\/3\\\/logo-happyMallorcaRentals.webp\",\"width\":303,\"height\":100,\"caption\":\"Ferienunterk\u00fcnfte in Mallorca\"},\"image\":{\"@id\":\"https:\\\/\\\/happymallorca.com\\\/de\\\/#\\\/schema\\\/logo\\\/image\\\/\"}},{\"@type\":\"Person\",\"@id\":\"https:\\\/\\\/happymallorca.com\\\/de\\\/#\\\/schema\\\/person\\\/d92c6862eaa382d6e1d2e77da977d19a\",\"name\":\"DesignAvirato\",\"image\":{\"@type\":\"ImageObject\",\"inLanguage\":\"es\",\"@id\":\"https:\\\/\\\/secure.gravatar.com\\\/avatar\\\/0b1584ebdae3d173b7bdbcba09035f6f78940e08654113111c4db8c3739c166e?s=96&d=mm&r=g\",\"url\":\"https:\\\/\\\/secure.gravatar.com\\\/avatar\\\/0b1584ebdae3d173b7bdbcba09035f6f78940e08654113111c4db8c3739c166e?s=96&d=mm&r=g\",\"contentUrl\":\"https:\\\/\\\/secure.gravatar.com\\\/avatar\\\/0b1584ebdae3d173b7bdbcba09035f6f78940e08654113111c4db8c3739c166e?s=96&d=mm&r=g\",\"caption\":\"DesignAvirato\"},\"sameAs\":[\"https:\\\/\\\/happymallorca.com\"],\"url\":\"https:\\\/\\\/happymallorca.com\\\/de\\\/blog\\\/author\\\/designavirato\\\/\"}]}<\/script>\n<!-- \/ Yoast SEO plugin. -->","yoast_head_json":{"title":"Der Zauber von Mallorca in der Nebensaison - Ferienunterk\u00fcnfte in Mallorca","robots":{"index":"index","follow":"follow","max-snippet":"max-snippet:-1","max-image-preview":"max-image-preview:large","max-video-preview":"max-video-preview:-1"},"canonical":"https:\/\/happymallorca.com\/de\/blog\/2024\/04\/16\/la-magia-de-mallorca-en-temporada-baja\/","og_locale":"es_ES","og_type":"article","og_title":"Der Zauber von Mallorca in der Nebensaison - Ferienunterk\u00fcnfte in Mallorca","og_description":"Mallorca, bekannt f\u00fcr seine sonnenverw\u00f6hnten Str\u00e4nde und warmen Sommermonate, offenbart in der Nebensaison einen bezaubernden Charme. Ohne den Trubel der Hochsaison zeigt die Insel eine neue Perspektive, in der jeder Winkel eine besondere W\u00e4rme erh\u00e4lt. Im Herbst und Winter entfaltet sich ihre Magie auf eine intimere und authentischere Weise und l\u00e4dt dich ein, in ihre [&hellip;]","og_url":"https:\/\/happymallorca.com\/de\/blog\/2024\/04\/16\/la-magia-de-mallorca-en-temporada-baja\/","og_site_name":"Ferienunterk\u00fcnfte in Mallorca","article_published_time":"2024-04-16T13:59:16+00:00","article_modified_time":"2024-08-06T13:36:07+00:00","og_image":[{"width":600,"height":400,"url":"https:\/\/happymallorca.com\/de\/wp-content\/uploads\/sites\/3\/La-magia-de-Mallorca-en-temporada-baja.webp","type":"image\/webp"}],"author":"DesignAvirato","twitter_card":"summary_large_image","twitter_misc":{"Escrito por":"DesignAvirato","Tiempo de lectura":"4 minutos"},"schema":{"@context":"https:\/\/schema.org","@graph":[{"@type":"Article","@id":"https:\/\/happymallorca.com\/de\/blog\/2024\/04\/16\/la-magia-de-mallorca-en-temporada-baja\/#article","isPartOf":{"@id":"https:\/\/happymallorca.com\/de\/blog\/2024\/04\/16\/la-magia-de-mallorca-en-temporada-baja\/"},"author":{"name":"DesignAvirato","@id":"https:\/\/happymallorca.com\/de\/#\/schema\/person\/d92c6862eaa382d6e1d2e77da977d19a"},"headline":"Der Zauber von Mallorca in der Nebensaison","datePublished":"2024-04-16T13:59:16+00:00","dateModified":"2024-08-06T13:36:07+00:00","mainEntityOfPage":{"@id":"https:\/\/happymallorca.com\/de\/blog\/2024\/04\/16\/la-magia-de-mallorca-en-temporada-baja\/"},"wordCount":906,"publisher":{"@id":"https:\/\/happymallorca.com\/de\/#organization"},"image":{"@id":"https:\/\/happymallorca.com\/de\/blog\/2024\/04\/16\/la-magia-de-mallorca-en-temporada-baja\/#primaryimage"},"thumbnailUrl":"https:\/\/happymallorca.com\/de\/wp-content\/uploads\/sites\/3\/La-magia-de-Mallorca-en-temporada-baja.webp","articleSection":["blog"],"inLanguage":"es"},{"@type":"WebPage","@id":"https:\/\/happymallorca.com\/de\/blog\/2024\/04\/16\/la-magia-de-mallorca-en-temporada-baja\/","url":"https:\/\/happymallorca.com\/de\/blog\/2024\/04\/16\/la-magia-de-mallorca-en-temporada-baja\/","name":"Der Zauber von Mallorca in der Nebensaison - Ferienunterk\u00fcnfte in Mallorca","isPartOf":{"@id":"https:\/\/happymallorca.com\/de\/#website"},"primaryImageOfPage":{"@id":"https:\/\/happymallorca.com\/de\/blog\/2024\/04\/16\/la-magia-de-mallorca-en-temporada-baja\/#primaryimage"},"image":{"@id":"https:\/\/happymallorca.com\/de\/blog\/2024\/04\/16\/la-magia-de-mallorca-en-temporada-baja\/#primaryimage"},"thumbnailUrl":"https:\/\/happymallorca.com\/de\/wp-content\/uploads\/sites\/3\/La-magia-de-Mallorca-en-temporada-baja.webp","datePublished":"2024-04-16T13:59:16+00:00","dateModified":"2024-08-06T13:36:07+00:00","breadcrumb":{"@id":"https:\/\/happymallorca.com\/de\/blog\/2024\/04\/16\/la-magia-de-mallorca-en-temporada-baja\/#breadcrumb"},"inLanguage":"es","potentialAction":[{"@type":"ReadAction","target":["https:\/\/happymallorca.com\/de\/blog\/2024\/04\/16\/la-magia-de-mallorca-en-temporada-baja\/"]}]},{"@type":"ImageObject","inLanguage":"es","@id":"https:\/\/happymallorca.com\/de\/blog\/2024\/04\/16\/la-magia-de-mallorca-en-temporada-baja\/#primaryimage","url":"https:\/\/happymallorca.com\/de\/wp-content\/uploads\/sites\/3\/La-magia-de-Mallorca-en-temporada-baja.webp","contentUrl":"https:\/\/happymallorca.com\/de\/wp-content\/uploads\/sites\/3\/La-magia-de-Mallorca-en-temporada-baja.webp","width":600,"height":400},{"@type":"BreadcrumbList","@id":"https:\/\/happymallorca.com\/de\/blog\/2024\/04\/16\/la-magia-de-mallorca-en-temporada-baja\/#breadcrumb","itemListElement":[{"@type":"ListItem","position":1,"name":"Portada","item":"https:\/\/happymallorca.com\/de\/"},{"@type":"ListItem","position":2,"name":"Der Zauber von Mallorca in der Nebensaison"}]},{"@type":"WebSite","@id":"https:\/\/happymallorca.com\/de\/#website","url":"https:\/\/happymallorca.com\/de\/","name":"Ferienunterk\u00fcnfte in Mallorca","description":"Happy Mallorca Rentals","publisher":{"@id":"https:\/\/happymallorca.com\/de\/#organization"},"potentialAction":[{"@type":"SearchAction","target":{"@type":"EntryPoint","urlTemplate":"https:\/\/happymallorca.com\/de\/?s={search_term_string}"},"query-input":{"@type":"PropertyValueSpecification","valueRequired":true,"valueName":"search_term_string"}}],"inLanguage":"es"},{"@type":"Organization","@id":"https:\/\/happymallorca.com\/de\/#organization","name":"Ferienunterk\u00fcnfte in Mallorca","url":"https:\/\/happymallorca.com\/de\/","logo":{"@type":"ImageObject","inLanguage":"es","@id":"https:\/\/happymallorca.com\/de\/#\/schema\/logo\/image\/","url":"https:\/\/happymallorca.com\/de\/wp-content\/uploads\/sites\/3\/logo-happyMallorcaRentals.webp","contentUrl":"https:\/\/happymallorca.com\/de\/wp-content\/uploads\/sites\/3\/logo-happyMallorcaRentals.webp","width":303,"height":100,"caption":"Ferienunterk\u00fcnfte in Mallorca"},"image":{"@id":"https:\/\/happymallorca.com\/de\/#\/schema\/logo\/image\/"}},{"@type":"Person","@id":"https:\/\/happymallorca.com\/de\/#\/schema\/person\/d92c6862eaa382d6e1d2e77da977d19a","name":"DesignAvirato","image":{"@type":"ImageObject","inLanguage":"es","@id":"https:\/\/secure.gravatar.com\/avatar\/0b1584ebdae3d173b7bdbcba09035f6f78940e08654113111c4db8c3739c166e?s=96&d=mm&r=g","url":"https:\/\/secure.gravatar.com\/avatar\/0b1584ebdae3d173b7bdbcba09035f6f78940e08654113111c4db8c3739c166e?s=96&d=mm&r=g","contentUrl":"https:\/\/secure.gravatar.com\/avatar\/0b1584ebdae3d173b7bdbcba09035f6f78940e08654113111c4db8c3739c166e?s=96&d=mm&r=g","caption":"DesignAvirato"},"sameAs":["https:\/\/happymallorca.com"],"url":"https:\/\/happymallorca.com\/de\/blog\/author\/designavirato\/"}]}},"_links":{"self":[{"href":"https:\/\/happymallorca.com\/de\/wp-json\/wp\/v2\/posts\/1363","targetHints":{"allow":["GET"]}}],"collection":[{"href":"https:\/\/happymallorca.com\/de\/wp-json\/wp\/v2\/posts"}],"about":[{"href":"https:\/\/happymallorca.com\/de\/wp-json\/wp\/v2\/types\/post"}],"author":[{"embeddable":true,"href":"https:\/\/happymallorca.com\/de\/wp-json\/wp\/v2\/users\/1"}],"replies":[{"embeddable":true,"href":"https:\/\/happymallorca.com\/de\/wp-json\/wp\/v2\/comments?post=1363"}],"version-history":[{"count":1,"href":"https:\/\/happymallorca.com\/de\/wp-json\/wp\/v2\/posts\/1363\/revisions"}],"predecessor-version":[{"id":3371,"href":"https:\/\/happymallorca.com\/de\/wp-json\/wp\/v2\/posts\/1363\/revisions\/3371"}],"wp:featuredmedia":[{"embeddable":true,"href":"https:\/\/happymallorca.com\/de\/wp-json\/wp\/v2\/media\/1411"}],"wp:attachment":[{"href":"https:\/\/happymallorca.com\/de\/wp-json\/wp\/v2\/media?parent=1363"}],"wp:term":[{"taxonomy":"category","embeddable":true,"href":"https:\/\/happymallorca.com\/de\/wp-json\/wp\/v2\/categories?post=1363"},{"taxonomy":"post_tag","embeddable":true,"href":"https:\/\/happymallorca.com\/de\/wp-json\/wp\/v2\/tags?post=1363"}],"curies":[{"name":"wp","href":"https:\/\/api.w.org\/{rel}","templated":true}]}}